{"id":709,"date":"2024-05-09T21:16:42","date_gmt":"2024-05-09T21:16:42","guid":{"rendered":"https:\/\/acacia.red\/unfv\/?p=709"},"modified":"2024-08-14T14:17:15","modified_gmt":"2024-08-14T14:17:15","slug":"impacto-de-la-tecnologia-en-la-educacion-superior-9-de-mayo","status":"publish","type":"post","link":"https:\/\/acacia.red\/unfv\/impacto-de-la-tecnologia-en-la-educacion-superior-9-de-mayo\/","title":{"rendered":"2024 | IMPACTO DE LA TECNOLOG\u00cdA EN LA EDUCACI\u00d3N SUPERIOR"},"content":{"rendered":"\n<p>El pasado 9 de mayo se llev\u00f3 a cabo el evento internacional titulado \u00abImpacto de la tecnolog\u00eda en la educaci\u00f3n superior\u00bb, organizado por la comunidad de conocimiento Gesti\u00f3n Educativa para la Innovaci\u00f3n Social (GEIS) y el m\u00f3dulo Cultiva del Centro de Apoyo y Desarrollo Educativo y Profesional de la Universidad Nacional Federico Villarreal. La jornada se desarroll\u00f3 en el auditorio Miguel Grau de la Facultad de Ciencias Sociales, ubicado en el local central de la Universidad Nacional Federico Villarreal (UNFV).<\/p>\n\n\n\n<p>Durante el evento, se presentaron dos ponencias; la primera, titulada \u00abInclusi\u00f3n digital y manejo de la IA en procesos educativos\u00bb, a cargo del Mag. Carlos Hern\u00e1n L\u00f3pez Ruiz, de la Universidad Pedag\u00f3gica Nacional (UPN) de Colombia, quien discuti\u00f3 sobre la gesti\u00f3n acad\u00e9mica con Chat GPT, los horizontes de inclusi\u00f3n, criterios de an\u00e1lisis y los compromisos acad\u00e9micos necesarios para una inclusi\u00f3n efectiva. La segunda ponencia se titul\u00f3 \u201cModelo formativo para la ense\u00f1anza de tecnolog\u00eda en adultos mayores: perspectiva psicol\u00f3gica\u00bb, a cargo de la Mag. Tatiana Contreras Leguizam\u00f3n, quien destac\u00f3 la importancia de la modelaci\u00f3n del proceso educativo, las aplicaciones iniciales de la tecnolog\u00eda, los resultados tempranos y mejoras, as\u00ed como la apertura al trabajo conjunto y a las publicaciones en este campo.<\/p>\n","protected":false},"excerpt":{"rendered":"<p>El pasado 9 de mayo se llev\u00f3 a cabo el evento internacional titulado \u00abImpacto de la tecnolog\u00eda en la educaci\u00f3n superior\u00bb, organizado por la comunidad de conocimiento Gesti\u00f3n Educativa para la Innovaci\u00f3n Social (GEIS) y el m\u00f3dulo Cultiva del Centro de Apoyo y Desarrollo Educativo y Profesional de la Universidad Nacional Federico Villarreal. La jornada se desarroll\u00f3 en el auditorio [&hellip;]<\/p>\n","protected":false},"author":26,"featured_media":711,"comment_status":"open","ping_status":"open","sticky":false,"template":"","format":"standard","meta":{"_monsterinsights_skip_tracking":false,"_monsterinsights_sitenote_active":false,"_monsterinsights_sitenote_note":"","_monsterinsights_sitenote_category":0,"h5ap_radio_sources":[],"footnotes":""},"categories":[1],"tags":[],"class_list":["post-709","post","type-post","status-publish","format-standard","has-post-thumbnail","hentry","category-sin-categoria"],"_links":{"self":[{"href":"https:\/\/acacia.red\/unfv\/wp-json\/wp\/v2\/posts\/709","targetHints":{"allow":["GET"]}}],"collection":[{"href":"https:\/\/acacia.red\/unfv\/wp-json\/wp\/v2\/posts"}],"about":[{"href":"https:\/\/acacia.red\/unfv\/wp-json\/wp\/v2\/types\/post"}],"author":[{"embeddable":true,"href":"https:\/\/acacia.red\/unfv\/wp-json\/wp\/v2\/users\/26"}],"replies":[{"embeddable":true,"href":"https:\/\/acacia.red\/unfv\/wp-json\/wp\/v2\/comments?post=709"}],"version-history":[{"count":2,"href":"https:\/\/acacia.red\/unfv\/wp-json\/wp\/v2\/posts\/709\/revisions"}],"predecessor-version":[{"id":726,"href":"https:\/\/acacia.red\/unfv\/wp-json\/wp\/v2\/posts\/709\/revisions\/726"}],"wp:featuredmedia":[{"embeddable":true,"href":"https:\/\/acacia.red\/unfv\/wp-json\/wp\/v2\/media\/711"}],"wp:attachment":[{"href":"https:\/\/acacia.red\/unfv\/wp-json\/wp\/v2\/media?parent=709"}],"wp:term":[{"taxonomy":"category","embeddable":true,"href":"https:\/\/acacia.red\/unfv\/wp-json\/wp\/v2\/categories?post=709"},{"taxonomy":"post_tag","embeddable":true,"href":"https:\/\/acacia.red\/unfv\/wp-json\/wp\/v2\/tags?post=709"}],"curies":[{"name":"wp","href":"https:\/\/api.w.org\/{rel}","templated":true}]}}