{"id":370,"date":"2021-09-10T18:28:56","date_gmt":"2021-09-10T18:28:56","guid":{"rendered":"https:\/\/acacia.red\/unfv\/?p=370"},"modified":"2023-05-08T16:09:16","modified_gmt":"2023-05-08T16:09:16","slug":"ceremonia-de-certificacion-del-curso-ambientes-de-aprendizaje-accesibles-con-incorporacion-de-afectividad-riesc","status":"publish","type":"post","link":"https:\/\/acacia.red\/unfv\/ceremonia-de-certificacion-del-curso-ambientes-de-aprendizaje-accesibles-con-incorporacion-de-afectividad-riesc\/","title":{"rendered":"?2021 | Ceremonia de Certificaci\u00f3n del Curso : Ambientes de Aprendizaje accesibles con incorporaci\u00f3n de afectividad RIESC.?"},"content":{"rendered":"<p>???? ?? ??????: Ceremonia de certificaci\u00f3n del curso \u201cAmbientes de aprendizaje accesibles con incorporaci\u00f3n de afectividad RIESC\u201d<br \/>\nEl viernes 10 de setiembre, a trav\u00e9s de la plataforma Microsoft Teams y la red social Facebook, el Centro de Apoyo y Desarrollo Educativo y Profesional de la UNFV (CADEP Acacia UNFV) \u2013 M\u00f3dulo Cultiva llev\u00f3 a cabo una ceremonia de certificaci\u00f3n del curso \u201cAmbientes de aprendizaje accesibles con incorporaci\u00f3n de afectividad RIESC\u201d, el cual tuvo como objetivo reconocer a treinta y tres (33) participantes que culminaron satisfactoriamente dicha asignatura.<br \/>\nEl evento cont\u00f3 con la participaci\u00f3n del Dr. Carlos Napole\u00f3n Tello Malpartida, vicerrector de Investigaci\u00f3n, la Dra. Olga Luc\u00eda Le\u00f3n Corredor, coordinadora general de la red CADEP Acacia, el Dr. Jos\u00e9 H\u00e9ctor Livia Segovia, director CADEP Acacia UNFV, la Mg. Mar\u00eda Elena D\u00e1vila, Coordinadora del M\u00f3dulo Cultiva, y otros asociados a la Red CADEP Acacia.<br \/>\nEl director CADEP Acacia UNFV, Dr. Jos\u00e9 H\u00e9ctor Livia Segovia, inaugur\u00f3 el evento afirmando que \u201cen este curso, los participantes han comprendido c\u00f3mo establecer una interacci\u00f3n profesor-alumno basado en la afectividad, en el que se comprenda las emociones que se dan en las aulas, en c\u00f3mo incorporar las t\u00e9cnicas de ense\u00f1anza-aprendizaje unidos a la afectividad, fijando metas claras y comprensibles, y relacionando el material que estudian con problemas relevantes para los estudiantes\u201d.<br \/>\nActo seguido, se realiz\u00f3 la entrega de los certificados del curso de Tutor\u00eda a las coordinadoras del M\u00f3dulo Cultiva: Dra. Dora Ines Calderon, Dra. Esther Espinoza Re\u00e1tegui y Mg. Paola Herminia Fontana Adasme.<br \/>\nPara revivir lo que fue esta importante ceremonia, acceder al siguiente enlace: https:\/\/www.facebook.com\/CADEPAcaciaUNFV\/videos\/378274843778500<\/p>\n","protected":false},"excerpt":{"rendered":"<p>???? ?? ??????: Ceremonia de certificaci\u00f3n del curso \u201cAmbientes de aprendizaje accesibles con incorporaci\u00f3n de afectividad RIESC\u201d El viernes 10 de setiembre, a trav\u00e9s de la plataforma Microsoft Teams y la red social Facebook, el Centro de Apoyo y Desarrollo Educativo y Profesional de la UNFV (CADEP Acacia UNFV) \u2013 M\u00f3dulo Cultiva llev\u00f3 a cabo una ceremonia de certificaci\u00f3n del [&hellip;]<\/p>\n","protected":false},"author":24,"featured_media":371,"comment_status":"open","ping_status":"open","sticky":false,"template":"","format":"standard","meta":{"_monsterinsights_skip_tracking":false,"_monsterinsights_sitenote_active":false,"_monsterinsights_sitenote_note":"","_monsterinsights_sitenote_category":0,"h5ap_radio_sources":[],"footnotes":""},"categories":[30],"tags":[],"class_list":["post-370","post","type-post","status-publish","format-standard","has-post-thumbnail","hentry","category-cultiva"],"_links":{"self":[{"href":"https:\/\/acacia.red\/unfv\/wp-json\/wp\/v2\/posts\/370","targetHints":{"allow":["GET"]}}],"collection":[{"href":"https:\/\/acacia.red\/unfv\/wp-json\/wp\/v2\/posts"}],"about":[{"href":"https:\/\/acacia.red\/unfv\/wp-json\/wp\/v2\/types\/post"}],"author":[{"embeddable":true,"href":"https:\/\/acacia.red\/unfv\/wp-json\/wp\/v2\/users\/24"}],"replies":[{"embeddable":true,"href":"https:\/\/acacia.red\/unfv\/wp-json\/wp\/v2\/comments?post=370"}],"version-history":[{"count":4,"href":"https:\/\/acacia.red\/unfv\/wp-json\/wp\/v2\/posts\/370\/revisions"}],"predecessor-version":[{"id":647,"href":"https:\/\/acacia.red\/unfv\/wp-json\/wp\/v2\/posts\/370\/revisions\/647"}],"wp:featuredmedia":[{"embeddable":true,"href":"https:\/\/acacia.red\/unfv\/wp-json\/wp\/v2\/media\/371"}],"wp:attachment":[{"href":"https:\/\/acacia.red\/unfv\/wp-json\/wp\/v2\/media?parent=370"}],"wp:term":[{"taxonomy":"category","embeddable":true,"href":"https:\/\/acacia.red\/unfv\/wp-json\/wp\/v2\/categories?post=370"},{"taxonomy":"post_tag","embeddable":true,"href":"https:\/\/acacia.red\/unfv\/wp-json\/wp\/v2\/tags?post=370"}],"curies":[{"name":"wp","href":"https:\/\/api.w.org\/{rel}","templated":true}]}}