{"id":363,"date":"2021-08-13T13:38:10","date_gmt":"2021-08-13T13:38:10","guid":{"rendered":"https:\/\/acacia.red\/unfv\/?p=363"},"modified":"2023-10-12T20:57:31","modified_gmt":"2023-10-12T20:57:31","slug":"encuentro-riesc-acacia-para-celebrar-la-vida","status":"publish","type":"post","link":"https:\/\/acacia.red\/unfv\/encuentro-riesc-acacia-para-celebrar-la-vida\/","title":{"rendered":"2021 | Encuentro RIESC Acacia para celebrar la vida"},"content":{"rendered":"<p style=\"text-align: justify;background: white\"><span style=\"font-family: 'Arial',sans-serif;color: black\">Con la participaci\u00f3n de los directores, coordinadores y asociados de toda la Red CADEP Acacia, se llev\u00f3 a cabo el viernes 13 de agosto el evento virtual denominado \u201c<strong><span style=\"font-family: 'Arial',sans-serif\">Encuentro RIESC Acacia para celebrar la vida<\/span><\/strong>\u201d, el cual tuvo como objetivo socializar el avance del plan de acci\u00f3n de la Red Acacia 2021 y hacer un reconocimiento al fomento de la vida en la educaci\u00f3n superior desarrollado por cada uno de los miembros de la Red. Este certamen se desarroll\u00f3 a trav\u00e9s de la plataforma Google Meet .<\/span><\/p>\n<p style=\"text-align: justify;background: white\"><span style=\"font-family: 'Arial',sans-serif;color: black\">La Coordinadora General de la red CADEP Acacia, Dra. Olga Luc\u00eda Le\u00f3n Corredor, inaugur\u00f3 el evento realizando una reflexi\u00f3n sobre las consecuencias que trajo el COVID 19 y asimismo reconociendo el esfuerzo de todos los integrantes de la red CADEP Acacia.<\/span><\/p>\n<p style=\"text-align: justify;background: white;margin: 0cm 0cm 7.5pt 0cm\"><span style=\"font-family: 'Arial',sans-serif;color: black\">\u201cNosotros estamos aportando con la presencia de los CADEP al desarrollo de otras pr\u00e1cticas y somos visible, no solo somos visibles sino consultados y esta tambi\u00e9n es una gran responsabilidad que tenemos, no solo con Am\u00e9rica latina sino con el desarrollo de una educaci\u00f3n afectiva y accesible en los contextos universitarios\u201d, afirm\u00f3 la Coordinadora General de la red CADEP Acacia.<\/span><\/p>\n","protected":false},"excerpt":{"rendered":"<p>Con la participaci\u00f3n de los directores, coordinadores y asociados de toda la Red CADEP Acacia, se llev\u00f3 a cabo el viernes 13 de agosto el evento virtual denominado \u201cEncuentro RIESC Acacia para celebrar la vida\u201d, el cual tuvo como objetivo socializar el avance del plan de acci\u00f3n de la Red Acacia 2021 y hacer un reconocimiento al fomento de la [&hellip;]<\/p>\n","protected":false},"author":24,"featured_media":364,"comment_status":"open","ping_status":"open","sticky":false,"template":"","format":"standard","meta":{"_monsterinsights_skip_tracking":false,"_monsterinsights_sitenote_active":false,"_monsterinsights_sitenote_note":"","_monsterinsights_sitenote_category":0,"h5ap_radio_sources":[],"footnotes":""},"categories":[93],"tags":[],"class_list":["post-363","post","type-post","status-publish","format-standard","has-post-thumbnail","hentry","category-noticias"],"_links":{"self":[{"href":"https:\/\/acacia.red\/unfv\/wp-json\/wp\/v2\/posts\/363","targetHints":{"allow":["GET"]}}],"collection":[{"href":"https:\/\/acacia.red\/unfv\/wp-json\/wp\/v2\/posts"}],"about":[{"href":"https:\/\/acacia.red\/unfv\/wp-json\/wp\/v2\/types\/post"}],"author":[{"embeddable":true,"href":"https:\/\/acacia.red\/unfv\/wp-json\/wp\/v2\/users\/24"}],"replies":[{"embeddable":true,"href":"https:\/\/acacia.red\/unfv\/wp-json\/wp\/v2\/comments?post=363"}],"version-history":[{"count":3,"href":"https:\/\/acacia.red\/unfv\/wp-json\/wp\/v2\/posts\/363\/revisions"}],"predecessor-version":[{"id":648,"href":"https:\/\/acacia.red\/unfv\/wp-json\/wp\/v2\/posts\/363\/revisions\/648"}],"wp:featuredmedia":[{"embeddable":true,"href":"https:\/\/acacia.red\/unfv\/wp-json\/wp\/v2\/media\/364"}],"wp:attachment":[{"href":"https:\/\/acacia.red\/unfv\/wp-json\/wp\/v2\/media?parent=363"}],"wp:term":[{"taxonomy":"category","embeddable":true,"href":"https:\/\/acacia.red\/unfv\/wp-json\/wp\/v2\/categories?post=363"},{"taxonomy":"post_tag","embeddable":true,"href":"https:\/\/acacia.red\/unfv\/wp-json\/wp\/v2\/tags?post=363"}],"curies":[{"name":"wp","href":"https:\/\/api.w.org\/{rel}","templated":true}]}}