{"id":314,"date":"2020-10-28T20:55:08","date_gmt":"2020-10-28T20:55:08","guid":{"rendered":"https:\/\/acacia.red\/unfv\/asi-se-vivio-el-congreso-acacia-promovido-por-la-universidad-nacional-federico-villarreal-de-peru\/"},"modified":"2023-10-12T20:57:46","modified_gmt":"2023-10-12T20:57:46","slug":"asi-se-vivio-el-congreso-acacia-promovido-por-la-universidad-nacional-federico-villarreal-de-peru","status":"publish","type":"post","link":"https:\/\/acacia.red\/unfv\/asi-se-vivio-el-congreso-acacia-promovido-por-la-universidad-nacional-federico-villarreal-de-peru\/","title":{"rendered":"2020 | As\u00ed se vivi\u00f3 el Congreso Acacia promovido por la Universidad Nacional Federico Villarreal de Per\u00fa"},"content":{"rendered":"\n<p><strong>Por: <\/strong>Alejandra Gonz\u00e1lez<\/p>\n\n\n\n<p><span style=\"font-size: 12pt\">El pasado lunes 26 de octubre la Universidad Nacional Federico Villarreal (UNFV) de Per\u00fa inaugur\u00f3 su primer Congreso Acacia, un espacio destinado a presentar el proceso evolutivo de su Centro Acacia desde su conformaci\u00f3n y su participaci\u00f3n en la Red de Instituciones de Educaci\u00f3n Superior con Centros Acacia (RIESC-Acacia).<\/span><\/p>\n\n\n\n<p><span style=\"font-size: 12pt\">Este evento fue organizado por el Vicerrectorado de Investigaci\u00f3n, a trav\u00e9s del Instituto Central de Gesti\u00f3n de la Investigaci\u00f3n (ICGI), en el marco de la conmemoraci\u00f3n del aniversario n\u00famero 57 de la UNFV y cont\u00f3 con la participaci\u00f3n de diferentes directivos de la Instituci\u00f3n y de la Red Institucional entre los que se destacan: el Rector Juan Oswaldo Alfaro Bernedo, el Doctor Carlos Tello Malpartida, Vicerrector de Investigaci\u00f3n, el Doctor Jos\u00e9 Livia Segovia, Jefe del ICGI y Director del CADEP UNFV y la Doctora Olga Luc\u00eda Le\u00f3n Corredor, Coordinadora General de la RIESC-Acacia.<\/span><\/p>\n\n\n\n<p><span style=\"font-size: 12pt\">Como inauguraci\u00f3n de este certamen, los directivos de la Universidad Nacional Federico Villarreal felicitaron la organizaci\u00f3n del mismo y destacaron la evoluci\u00f3n del Centro Acacia desde que inici\u00f3 el proceso de transferencia realizado por el Centro Acacia de la Universidad Distrital Francisco Jos\u00e9 de Caldas. Actualmente este Centro brinda a su comunidad universitaria asesor\u00eda, acompa\u00f1amiento y orientaci\u00f3n en situaciones que limitan el acceso al aprendizaje. Lo anterior, desde su sistema de M\u00f3dulos: Empodera, Innova, Convoca, Apoya y Cultiva.<\/span><\/p>\n\n\n\n<p><span style=\"font-size: 12pt\">A esta felicitaci\u00f3n se sum\u00f3 la Doctora Olga Luc\u00eda Le\u00f3n, quien como Coordinadora General de la Red extendi\u00f3 un saludo de parte de la Red y dese\u00f3 \u00e9xitos en el desarrollo de este Congreso.<\/span><\/p>\n\n\n\n<p><span style=\"font-size: 12pt\">De esta forma se dio inicio a la jornada que a lo largo de dos d\u00edas (26 y 27 de octubre) cont\u00f3 con la participaci\u00f3n de diferentes Coordinadores, docentes e investigadores de los diferentes Centros Acacia que realizaron ponencias y conferencias entorno a diferentes t\u00f3picos propios de la agenda cient\u00edfica entre los que se destacan: la accesibilidad, la innovaci\u00f3n, la afectividad, la investigaci\u00f3n, la interculturalidad, la diversidad y las mesas de internacionalizaci\u00f3n entre otros.<\/span><\/p>\n\n\n\n<p><span style=\"font-size: 12pt\">Este espacio permiti\u00f3 conocer los avances de las iniciativas, acciones, proyectos e investigaciones adelantados por los Centros Acacia que conforman la Red.<\/span><\/p>\n\n\n\n<p><span style=\"font-size: 12pt\">Desde la Red Internacional felicitamos la organizaci\u00f3n y el desarrollo de esta jornada y celebramos el compromiso y dedicaci\u00f3n de la Universidad Nacional Federico Villarreal en este proceso de conformaci\u00f3n y evoluci\u00f3n de su Centro Acacia. Continuaremos trabajando en conjunto desde la Red Internacional para el fortalecimiento de la educaci\u00f3n superior con una mirada m\u00e1s incluyente y accesible.<\/span><\/p>\n","protected":false},"excerpt":{"rendered":"<p>Por: Alejandra Gonz\u00e1lez El pasado lunes 26 de octubre la Universidad Nacional Federico Villarreal (UNFV) de Per\u00fa inaugur\u00f3 su primer Congreso Acacia, un espacio destinado a presentar el proceso evolutivo de su Centro Acacia desde su conformaci\u00f3n y su participaci\u00f3n en la Red de Instituciones de Educaci\u00f3n Superior con Centros Acacia (RIESC-Acacia). Este evento fue organizado por el Vicerrectorado de [&hellip;]<\/p>\n","protected":false},"author":13,"featured_media":315,"comment_status":"open","ping_status":"open","sticky":false,"template":"","format":"standard","meta":{"_monsterinsights_skip_tracking":false,"_monsterinsights_sitenote_active":false,"_monsterinsights_sitenote_note":"","_monsterinsights_sitenote_category":0,"h5ap_radio_sources":[],"footnotes":""},"categories":[93],"tags":[],"class_list":["post-314","post","type-post","status-publish","format-standard","has-post-thumbnail","hentry","category-noticias"],"_links":{"self":[{"href":"https:\/\/acacia.red\/unfv\/wp-json\/wp\/v2\/posts\/314","targetHints":{"allow":["GET"]}}],"collection":[{"href":"https:\/\/acacia.red\/unfv\/wp-json\/wp\/v2\/posts"}],"about":[{"href":"https:\/\/acacia.red\/unfv\/wp-json\/wp\/v2\/types\/post"}],"author":[{"embeddable":true,"href":"https:\/\/acacia.red\/unfv\/wp-json\/wp\/v2\/users\/13"}],"replies":[{"embeddable":true,"href":"https:\/\/acacia.red\/unfv\/wp-json\/wp\/v2\/comments?post=314"}],"version-history":[{"count":1,"href":"https:\/\/acacia.red\/unfv\/wp-json\/wp\/v2\/posts\/314\/revisions"}],"predecessor-version":[{"id":651,"href":"https:\/\/acacia.red\/unfv\/wp-json\/wp\/v2\/posts\/314\/revisions\/651"}],"wp:featuredmedia":[{"embeddable":true,"href":"https:\/\/acacia.red\/unfv\/wp-json\/wp\/v2\/media\/315"}],"wp:attachment":[{"href":"https:\/\/acacia.red\/unfv\/wp-json\/wp\/v2\/media?parent=314"}],"wp:term":[{"taxonomy":"category","embeddable":true,"href":"https:\/\/acacia.red\/unfv\/wp-json\/wp\/v2\/categories?post=314"},{"taxonomy":"post_tag","embeddable":true,"href":"https:\/\/acacia.red\/unfv\/wp-json\/wp\/v2\/tags?post=314"}],"curies":[{"name":"wp","href":"https:\/\/api.w.org\/{rel}","templated":true}]}}