{"id":293,"date":"2020-07-08T19:43:45","date_gmt":"2020-07-08T19:43:45","guid":{"rendered":"https:\/\/acacia.red\/unfv\/?p=293"},"modified":"2020-07-08T19:45:46","modified_gmt":"2020-07-08T19:45:46","slug":"cadep-acacia-unfv-desarrolla-diagnostico-de-las-competencias-digitales-recursos-tecnologicos-factores-organizacionales-y-respuestas-emocionales-ante-la-pandemia-covid-19","status":"publish","type":"post","link":"https:\/\/acacia.red\/unfv\/cadep-acacia-unfv-desarrolla-diagnostico-de-las-competencias-digitales-recursos-tecnologicos-factores-organizacionales-y-respuestas-emocionales-ante-la-pandemia-covid-19\/","title":{"rendered":"CADEP-ACACIA-UNFV Desarrolla diagn\u00f3stico de las competencias digitales, recursos tecnol\u00f3gicos, factores organizacionales y respuestas emocionales ante la pandemia COVID 19."},"content":{"rendered":"<p>El Centro de Apoyo y Desarrollo Educativo y Profesional de nuestra universidad (CADEP-ACACIA-UNFV) viene desarrollando un diagn\u00f3stico de las competencias digitales, recursos tecnol\u00f3gicos, factores organizacionales y respuestas emocionales ante la pandemia con la participaci\u00f3n del personal administrativo.<br \/>\nLa informaci\u00f3n que se est\u00e1 recabando constituye una importante evidencia sobre la cual se dise\u00f1ar\u00e1n acciones y programas de capacitaci\u00f3n que se adec\u00faen a las necesidades de nuestras(os) colaboradoras(es).<br \/>\nUna de las primeras iniciativas de capacitaci\u00f3n que se implementar\u00e1n en el marco de este proyecto, es el ciclo de conferencias sobre Aprendizaje Permanente que se llevar\u00e1 a cabo durante el mes de julio y que est\u00e1 dirigido a todo el personal administrativo que de forma voluntaria viene participando en el diagn\u00f3stico.<\/p>\n","protected":false},"excerpt":{"rendered":"<p>El Centro de Apoyo y Desarrollo Educativo y Profesional de nuestra universidad (CADEP-ACACIA-UNFV) viene desarrollando un diagn\u00f3stico de las competencias digitales, recursos tecnol\u00f3gicos, factores organizacionales y respuestas emocionales ante la pandemia con la participaci\u00f3n del personal administrativo. La informaci\u00f3n que se est\u00e1 recabando constituye una importante evidencia sobre la cual se dise\u00f1ar\u00e1n acciones y programas de capacitaci\u00f3n que se adec\u00faen [&hellip;]<\/p>\n","protected":false},"author":22,"featured_media":294,"comment_status":"open","ping_status":"open","sticky":false,"template":"","format":"standard","meta":{"_monsterinsights_skip_tracking":false,"_monsterinsights_sitenote_active":false,"_monsterinsights_sitenote_note":"","_monsterinsights_sitenote_category":0,"h5ap_radio_sources":[],"footnotes":""},"categories":[30],"tags":[],"class_list":["post-293","post","type-post","status-publish","format-standard","has-post-thumbnail","hentry","category-cultiva"],"_links":{"self":[{"href":"https:\/\/acacia.red\/unfv\/wp-json\/wp\/v2\/posts\/293","targetHints":{"allow":["GET"]}}],"collection":[{"href":"https:\/\/acacia.red\/unfv\/wp-json\/wp\/v2\/posts"}],"about":[{"href":"https:\/\/acacia.red\/unfv\/wp-json\/wp\/v2\/types\/post"}],"author":[{"embeddable":true,"href":"https:\/\/acacia.red\/unfv\/wp-json\/wp\/v2\/users\/22"}],"replies":[{"embeddable":true,"href":"https:\/\/acacia.red\/unfv\/wp-json\/wp\/v2\/comments?post=293"}],"version-history":[{"count":2,"href":"https:\/\/acacia.red\/unfv\/wp-json\/wp\/v2\/posts\/293\/revisions"}],"predecessor-version":[{"id":369,"href":"https:\/\/acacia.red\/unfv\/wp-json\/wp\/v2\/posts\/293\/revisions\/369"}],"wp:featuredmedia":[{"embeddable":true,"href":"https:\/\/acacia.red\/unfv\/wp-json\/wp\/v2\/media\/294"}],"wp:attachment":[{"href":"https:\/\/acacia.red\/unfv\/wp-json\/wp\/v2\/media?parent=293"}],"wp:term":[{"taxonomy":"category","embeddable":true,"href":"https:\/\/acacia.red\/unfv\/wp-json\/wp\/v2\/categories?post=293"},{"taxonomy":"post_tag","embeddable":true,"href":"https:\/\/acacia.red\/unfv\/wp-json\/wp\/v2\/tags?post=293"}],"curies":[{"name":"wp","href":"https:\/\/api.w.org\/{rel}","templated":true}]}}