{"id":871,"date":"2017-09-27T19:43:44","date_gmt":"2017-09-27T19:43:44","guid":{"rendered":"https:\/\/acacia.red\/udfjc\/?p=871"},"modified":"2017-12-21T18:37:55","modified_gmt":"2017-12-21T18:37:55","slug":"profesores-por-el-mundo","status":"publish","type":"post","link":"https:\/\/acacia.red\/udfjc\/profesores-por-el-mundo\/","title":{"rendered":"Facultad Tecnol\u00f3gica entrega positivo balance en proyecci\u00f3n social"},"content":{"rendered":"<p>Luego de un arduo trabajo de todo el a\u00f1o de estudiantes y profesores de la Facultad Tecnol\u00f3gica de la Universidad Distrital Francisco Jos\u00e9 de Caldas, quienes luego de visitar e identificar las problem\u00e1ticas sociales y de infraestructura existentes en el barrio Verbenal, de la localidad de Ciudad Bol\u00edvar, se dieron a la tarea de dise\u00f1ar y generar proyectos para mitigar las precarias condiciones de vida de sus habitantes.<\/p>\n<p>El\u00a0pasado s\u00e1bado 16 de diciembre, en un multitudinario evento\u00a0que cont\u00f3 con la participaci\u00f3n de cerca de 2 mil ciudadanos, docentes y estudiantes de la Facultad cerraron los proyectos sociales del a\u00f1o 2017, con la entrega de m\u00e1s de mil\u00a0regalos a los ni\u00f1os del sector y la rifa de 30 bicicletas, en medio de actividades l\u00fadicas y art\u00edsticas.<\/p>\n<p>El evento cont\u00f3 con el apoyo de la Polic\u00eda Nacional, a trav\u00e9s de la Direcci\u00f3n de Infancia y Adolescencia, empresarios del barrio Ricaurte, la parroquia del sector de Chic\u00f3, al norte de Bogot\u00e1, y varias personas que se solidarizaron con la causa, seg\u00fan lo manifest\u00f3, al Sistema integrado de Comunicaciones, el profesor Giovanni Mancilla Gaona, gestor del proyecto.<\/p>\n<p>De acuerdo con el docente, quien record\u00f3 que ya son 8 a\u00f1os los que lleva trabajando con las comunidades de Ciudad Bol\u00edvar, el proyecto en el barrio Verbenal surgi\u00f3 luego de realizar, a principio de este a\u00f1o, una visita a la zona para identificar las problem\u00e1ticas que en materia social y de infraestructura atraviesa este sector.<\/p>\n<p>El profesor Mancilla Gaona anot\u00f3 que el proyecto hace parte del trabajo acad\u00e9mico dentro de la asignatura de Formulaci\u00f3n de Proyectos y de los Semilleros de Investigaci\u00f3n UD Social, del que hacen parte los estudiantes de la Facultad Tecnol\u00f3gica.<\/p>\n<p>Se\u00f1al\u00f3\u00a0que inicialmente se contact\u00f3 a la Alcald\u00eda Local para identificar un sector vulnerable donde implementar un Proyecto de Comunidades Sostenibles en el que se pudieran aplicar los objetivos, que en ese sentido, plantea la Organizaci\u00f3n de Naciones Unidas, proyecto que tuvo una gran aceptaci\u00f3n de parte de los l\u00edderes comunales del barrio, en su gran mayor\u00eda desplazados por la violencia de varias regiones del pa\u00eds.<\/p>\n<p>Luego de visitar el sector, aplicar encuestas, dise\u00f1ar maquetas y verificar la informaci\u00f3n, se identificaron m\u00faltiples necesidades de la comunidad del barrio Verbenal, tales como la falta de los servicios p\u00fablicos b\u00e1sicos, viviendas en condiciones precarias construidas en materiales como lata, madera y cart\u00f3n, calles sin pavimentar y problem\u00e1ticas sociales como desempleo, embarazo en adolescentes y drogadicci\u00f3n, entre otros; los estudiantes se dieron a la tarea de formular y dise\u00f1ar proyectos reales para mejorar las condiciones de vida de los habitantes de la zona.<\/p>\n<p>M\u00e1s de 15 proyectos sociales y de ingenier\u00eda fueron presentados por los estudiantes de los diferentes proyectos curriculares de la Facultad Tecnol\u00f3gica, entre ellos, un poste para alumbrado p\u00fablico alimentado con energ\u00eda solar, el cual ya fue puesto en funcionamiento, un Sal\u00f3n Tics, para fomentar el acceso a la informaci\u00f3n y las telecomunicaciones, el cual ya tiene los primeros cinco computadores; la construcci\u00f3n de ladrillos a partir de botellas pl\u00e1sticas, con los que ya se dio inicio a la construcci\u00f3n del sal\u00f3n comunal del sector; un Ecomuro con botellas interconectadas para recolectar y almacenar agua potable, mientras que en materia social se plante\u00f3 un proyecto de mu\u00f1equer\u00eda para generar empleo y recursos para la comunidad a trav\u00e9s de sat\u00e9lites de empresas que se puedan instalar en el sector.<\/p>\n<p>As\u00ed mismo, se levant\u00f3 una base de datos con todos los habitantes del barrio la cual estar\u00eda a disposici\u00f3n de empresarios para la generaci\u00f3n de empleo y se dise\u00f1\u00f3 una p\u00e1gina web del sector, mientras que a largo plazo se plantean proyectos como la legalizaci\u00f3n del barrio y la construcci\u00f3n de un acueducto, entre otros.<\/p>\n<p>El evento del pasado s\u00e1bado se realiz\u00f3 en una cancha de f\u00fatbol, en medio de una arenera, que hace las veces de polideportivo del barrio, por lo que otro de los proyectos, en beneficio de los ni\u00f1os y j\u00f3venes, tiene como objetivo dotar al sector de un verdadero sitio de esparcimiento y pr\u00e1ctica del deporte para la comunidad del barrio.<\/p>\n","protected":false},"excerpt":{"rendered":"<p>Luego de un arduo trabajo de todo el a\u00f1o de estudiantes y profesores de la Facultad Tecnol\u00f3gica de la Universidad Distrital Francisco Jos\u00e9 de Caldas, quienes luego de visitar e identificar las problem\u00e1ticas sociales y de infraestructura existentes en el barrio Verbenal, de la localidad de Ciudad Bol\u00edvar, se dieron a la tarea de dise\u00f1ar y generar proyectos para mitigar [&hellip;]<\/p>\n","protected":false},"author":1,"featured_media":875,"comment_status":"open","ping_status":"open","sticky":false,"template":"","format":"standard","meta":{"om_disable_all_campaigns":false,"_monsterinsights_skip_tracking":false,"_monsterinsights_sitenote_active":false,"_monsterinsights_sitenote_note":"","_monsterinsights_sitenote_category":0,"_uf_show_specific_survey":0,"_uf_disable_surveys":false,"h5ap_radio_sources":[],"footnotes":""},"categories":[19],"tags":[],"class_list":["post-871","post","type-post","status-publish","format-standard","has-post-thumbnail","hentry","category-noticias"],"aioseo_notices":[],"_links":{"self":[{"href":"https:\/\/acacia.red\/udfjc\/wp-json\/wp\/v2\/posts\/871","targetHints":{"allow":["GET"]}}],"collection":[{"href":"https:\/\/acacia.red\/udfjc\/wp-json\/wp\/v2\/posts"}],"about":[{"href":"https:\/\/acacia.red\/udfjc\/wp-json\/wp\/v2\/types\/post"}],"author":[{"embeddable":true,"href":"https:\/\/acacia.red\/udfjc\/wp-json\/wp\/v2\/users\/1"}],"replies":[{"embeddable":true,"href":"https:\/\/acacia.red\/udfjc\/wp-json\/wp\/v2\/comments?post=871"}],"version-history":[{"count":3,"href":"https:\/\/acacia.red\/udfjc\/wp-json\/wp\/v2\/posts\/871\/revisions"}],"predecessor-version":[{"id":1184,"href":"https:\/\/acacia.red\/udfjc\/wp-json\/wp\/v2\/posts\/871\/revisions\/1184"}],"wp:featuredmedia":[{"embeddable":true,"href":"https:\/\/acacia.red\/udfjc\/wp-json\/wp\/v2\/media\/875"}],"wp:attachment":[{"href":"https:\/\/acacia.red\/udfjc\/wp-json\/wp\/v2\/media?parent=871"}],"wp:term":[{"taxonomy":"category","embeddable":true,"href":"https:\/\/acacia.red\/udfjc\/wp-json\/wp\/v2\/categories?post=871"},{"taxonomy":"post_tag","embeddable":true,"href":"https:\/\/acacia.red\/udfjc\/wp-json\/wp\/v2\/tags?post=871"}],"curies":[{"name":"wp","href":"https:\/\/api.w.org\/{rel}","templated":true}]}}