{"id":3897,"date":"2024-08-12T14:25:00","date_gmt":"2024-08-12T14:25:00","guid":{"rendered":"https:\/\/acacia.red\/udfjc\/?p=3897"},"modified":"2024-08-13T14:27:45","modified_gmt":"2024-08-13T14:27:45","slug":"homenaje-a-la-vida-y-legado-de-la-senora-nalda-maricel-triana-perez","status":"publish","type":"post","link":"https:\/\/acacia.red\/udfjc\/homenaje-a-la-vida-y-legado-de-la-senora-nalda-maricel-triana-perez\/","title":{"rendered":"Homenaje a la Vida y Legado de La Se\u00f1ora Nalda Maricel Triana P\u00e9rez"},"content":{"rendered":"\n<p>Con profundo pesar, el Centro Acacia se une a la despedida de Nalda Maricel Triana P\u00e9rez, una mujer cuya dedicaci\u00f3n y compromiso dejaron una huella imborrable en nuestra comunidad acad\u00e9mica. Su vida estuvo marcada por su incansable labor en la Maestr\u00eda en Educaci\u00f3n y Tecnolog\u00eda, donde sus aportes en la administraci\u00f3n fueron fundamentales para el crecimiento y desarrollo del programa.<br><br>Maricel no solo fue una profesional ejemplar, sino tambi\u00e9n una persona de gran calidad humana, siempre dispuesta a ofrecer su apoyo y sabidur\u00eda a quienes la rodeaban. Su legado perdurar\u00e1 en los corazones de quienes tuvimos el privilegio de conocerla y trabajar a su lado.<br><br>Extendemos nuestras m\u00e1s sinceras condolencias a su familia y amigos en este momento de dolor. Que encuentren consuelo en los recuerdos compartidos y en la certeza de que Maricel descansa en paz, habiendo cumplido con excelencia su misi\u00f3n en esta vida.<\/p>\n","protected":false},"excerpt":{"rendered":"<p>Con profundo pesar, el Centro Acacia se une a la despedida de Nalda Maricel Triana P\u00e9rez, una mujer cuya dedicaci\u00f3n y compromiso dejaron una huella imborrable en nuestra comunidad acad\u00e9mica. Su vida estuvo marcada por su incansable labor en la Maestr\u00eda en Educaci\u00f3n y Tecnolog\u00eda, donde sus aportes en la administraci\u00f3n fueron fundamentales para el crecimiento y desarrollo del programa. [&hellip;]<\/p>\n","protected":false},"author":27,"featured_media":3898,"comment_status":"closed","ping_status":"closed","sticky":false,"template":"","format":"standard","meta":{"om_disable_all_campaigns":false,"_monsterinsights_skip_tracking":false,"_monsterinsights_sitenote_active":false,"_monsterinsights_sitenote_note":"","_monsterinsights_sitenote_category":0,"_uf_show_specific_survey":0,"_uf_disable_surveys":false,"h5ap_radio_sources":[],"footnotes":""},"categories":[19],"tags":[],"class_list":["post-3897","post","type-post","status-publish","format-standard","has-post-thumbnail","hentry","category-noticias"],"aioseo_notices":[],"_links":{"self":[{"href":"https:\/\/acacia.red\/udfjc\/wp-json\/wp\/v2\/posts\/3897","targetHints":{"allow":["GET"]}}],"collection":[{"href":"https:\/\/acacia.red\/udfjc\/wp-json\/wp\/v2\/posts"}],"about":[{"href":"https:\/\/acacia.red\/udfjc\/wp-json\/wp\/v2\/types\/post"}],"author":[{"embeddable":true,"href":"https:\/\/acacia.red\/udfjc\/wp-json\/wp\/v2\/users\/27"}],"replies":[{"embeddable":true,"href":"https:\/\/acacia.red\/udfjc\/wp-json\/wp\/v2\/comments?post=3897"}],"version-history":[{"count":2,"href":"https:\/\/acacia.red\/udfjc\/wp-json\/wp\/v2\/posts\/3897\/revisions"}],"predecessor-version":[{"id":3900,"href":"https:\/\/acacia.red\/udfjc\/wp-json\/wp\/v2\/posts\/3897\/revisions\/3900"}],"wp:featuredmedia":[{"embeddable":true,"href":"https:\/\/acacia.red\/udfjc\/wp-json\/wp\/v2\/media\/3898"}],"wp:attachment":[{"href":"https:\/\/acacia.red\/udfjc\/wp-json\/wp\/v2\/media?parent=3897"}],"wp:term":[{"taxonomy":"category","embeddable":true,"href":"https:\/\/acacia.red\/udfjc\/wp-json\/wp\/v2\/categories?post=3897"},{"taxonomy":"post_tag","embeddable":true,"href":"https:\/\/acacia.red\/udfjc\/wp-json\/wp\/v2\/tags?post=3897"}],"curies":[{"name":"wp","href":"https:\/\/api.w.org\/{rel}","templated":true}]}}