{"id":3696,"date":"2023-08-04T17:07:00","date_gmt":"2023-08-04T17:07:00","guid":{"rendered":"https:\/\/acacia.red\/udfjc\/?p=3696"},"modified":"2023-09-28T17:08:08","modified_gmt":"2023-09-28T17:08:08","slug":"academicos-de-la-udfjc-participaron-en-la-xvi-conferencia-interamericana-de-educacion-matematica-ciaem","status":"publish","type":"post","link":"https:\/\/acacia.red\/udfjc\/academicos-de-la-udfjc-participaron-en-la-xvi-conferencia-interamericana-de-educacion-matematica-ciaem\/","title":{"rendered":"Acad\u00e9micos de la UDFJC participaron en la XVI Conferencia Interamericana de Educaci\u00f3n Matem\u00e1tica (CIAEM)"},"content":{"rendered":"\n<p style=\"font-size:17px\">La d\u00e9cimo sexta conferencia Interamericana de Educaci\u00f3n Matem\u00e1tica se realiz\u00f3 en la Universidad de Lima entre el 30 de julio y 4 de agosto del 2023 y cont\u00f3 con la participaci\u00f3n de reconocidos acad\u00e9micos latinoamericanos y del caribe. En este encuentro, la comunidad acad\u00e9mica comparti\u00f3 experiencias de investigaci\u00f3n sobre las matem\u00e1ticas y su ense\u00f1anza desde m\u00faltiples perspectivas y fortaleci\u00f3 los lazos de la comunidad cient\u00edfica y acad\u00e9mica en Latinoam\u00e9rica.<\/p>\n\n\n\n<p style=\"font-size:17px\">Para \u00c1ngel Ru\u00edz, presidente del Comit\u00e9 Interamericano de Educaci\u00f3n Matem\u00e1tica, el equipo organizador ha buscado \u201c&#8230; ofrecer los espacios para para recolectar y compartir ideas, propuestas y experiencias sobre nuestra disciplina y profesi\u00f3n, pero tambi\u00e9n recobrar las tradiciones y las energ\u00edas acad\u00e9micas que la pandemia afect\u00f3. Es con mirada al futuro que realizamos este evento\u201d<\/p>\n\n\n\n<p style=\"font-size:17px\">Una de los las actividades propuestas dentro de la agenda de la conferencia, se centr\u00f3 en la presentaci\u00f3n de algunos proyectos de investigaci\u00f3n en los que participaron estudiantes, maestros y doctores de la UDFJC.<\/p>\n\n\n\n<p style=\"font-size:17px\">El Doctor Fredy Alejandro Barbosa Mel\u00e9ndez, acad\u00e9mico del Grupo: de Investigaci\u00f3n Interdisciplinaria en Pedagog\u00eda del Lenguaje y las Matem\u00e1ticas (GIIPLyM), fue uno de los ponentes con su investigaci\u00f3n titulada \u201cIncorporaciones de los saberes Wayuu a la geometr\u00eda escolar\u201d. Esta fue su tesis de doctorado y cont\u00f3 con la direcci\u00f3n de la Coordinadora cient\u00edfica del Centro Acacia de la UDFJC, la doctora Olga Le\u00f3n Corredor. Este estudio incorpora un enfoque \u00e9tnico que busca acercar la pedagog\u00eda matem\u00e1tica a la cultura y a la sabidur\u00eda de los pueblos Wayuu. Los aspectos incluyentes resultan importantes, innovadores y es importante compartir los conocimientos y los aprendizajes con la toda la comunidad acad\u00e9mica matem\u00e1tica.<\/p>\n\n\n\n<p style=\"font-size:17px\">La ponencia de la doctora Elba Mart\u00ednez C\u00e1rdenas fue otro trabajo que esta vinculado al Centro Acacia UDFJC por su enfoque incluyente. En este trabajo la Dr. Mart\u00ednez centra su investigaci\u00f3n en la poblaci\u00f3n con discapacidad intelectual. Su ponencia titulada \u201cAcceso al aprendizaje de las Matem\u00e1ticas para poblaci\u00f3n con discapacidad intelectual.\u201d Fue presentada el jueves 3 de agostos a los asistentes. Otros trabajos destacados fueron \u201cLas tipolog\u00edas textuales en la ense\u00f1anza de las ciencias: Aproximaci\u00f3n a la comprensi\u00f3n en Matem\u00e1ticas\u201d de Ana Isabel Tenjo Morales y Weimar Mu\u00f1oz Villate y \u201cEnfoque sist\u00e9mico en la formaci\u00f3n continuada de profesores de Matem\u00e1ticas\u201d de Luis Alexander Castro Miguez.<\/p>\n\n\n\n<p style=\"font-size:17px\">Otra conferencia destacada, fue \u201cConsideraciones pedag\u00f3gicas sobre el uso de diagramas en la introducci\u00f3n de la teor\u00eda de curvas algebraicas\u201d del acad\u00e9mico colombiano y asesor del Doctorado Interinstitucional en Educaci\u00f3n, de las universidades del Valle, Pedag\u00f3gica Nacional, y Distrital Francisco Jos\u00e9 de Caldas, Luis Carlos Arboleda. Este docente fue reconocido con la <em>Medalla Luis Santal\u00f3,<\/em>&nbsp;el principal reconocimiento internacional que otorga el CIAEM.<\/p>\n\n\n\n<p style=\"font-size:17px\">Los d\u00edas del encuentro contaron con muestras art\u00edsticas, charlas y conversatorios para toda la comunidad acad\u00e9mica de am\u00e9rica latina y el Caribe y se sigue posicionando como uno de los eventos m\u00e1s importantes enfocado en el estudio de la Matem\u00e1tica. Este encuentro cont\u00f3 con la participaci\u00f3n de oradores o participantes de 28 pa\u00edses de todo el continente.<\/p>\n\n\n\n<p style=\"font-size:17px\">La programaci\u00f3n incluy\u00f3 una sesi\u00f3n solemne con un homenaje breve a las grandes personalidades asociadas al CIAEM que fallecieron en el periodo 2019-2023. Entre ellas Ubiratan D\u2019Ambrosio (Brasil) y Carlos Vasco (Colombia), quienes fueron presidentes del CIAEM.<\/p>\n\n\n\n<p><a href=\"https:\/\/xvi.ciaem-iacme.org\/wp-content\/uploads\/2023\/07\/20230708-XVI-CIAEM-Programa-general.pdf\">Esta fue la agenda de la XVI conferencia Interamericana de Educaci\u00f3n Matem\u00e1tica.<\/a><\/p>\n","protected":false},"excerpt":{"rendered":"<p>La d\u00e9cimo sexta conferencia Interamericana de Educaci\u00f3n Matem\u00e1tica se realiz\u00f3 en la Universidad de Lima entre el 30 de julio y 4 de agosto del 2023 y cont\u00f3 con la participaci\u00f3n de reconocidos acad\u00e9micos latinoamericanos y del caribe. En este encuentro, la comunidad acad\u00e9mica comparti\u00f3 experiencias de investigaci\u00f3n sobre las matem\u00e1ticas y su ense\u00f1anza desde m\u00faltiples perspectivas y fortaleci\u00f3 los [&hellip;]<\/p>\n","protected":false},"author":13,"featured_media":3699,"comment_status":"closed","ping_status":"closed","sticky":false,"template":"","format":"standard","meta":{"om_disable_all_campaigns":false,"_monsterinsights_skip_tracking":false,"_monsterinsights_sitenote_active":false,"_monsterinsights_sitenote_note":"","_monsterinsights_sitenote_category":0,"_uf_show_specific_survey":0,"_uf_disable_surveys":false,"h5ap_radio_sources":[],"footnotes":""},"categories":[19],"tags":[],"class_list":["post-3696","post","type-post","status-publish","format-standard","has-post-thumbnail","hentry","category-noticias"],"aioseo_notices":[],"_links":{"self":[{"href":"https:\/\/acacia.red\/udfjc\/wp-json\/wp\/v2\/posts\/3696","targetHints":{"allow":["GET"]}}],"collection":[{"href":"https:\/\/acacia.red\/udfjc\/wp-json\/wp\/v2\/posts"}],"about":[{"href":"https:\/\/acacia.red\/udfjc\/wp-json\/wp\/v2\/types\/post"}],"author":[{"embeddable":true,"href":"https:\/\/acacia.red\/udfjc\/wp-json\/wp\/v2\/users\/13"}],"replies":[{"embeddable":true,"href":"https:\/\/acacia.red\/udfjc\/wp-json\/wp\/v2\/comments?post=3696"}],"version-history":[{"count":1,"href":"https:\/\/acacia.red\/udfjc\/wp-json\/wp\/v2\/posts\/3696\/revisions"}],"predecessor-version":[{"id":3700,"href":"https:\/\/acacia.red\/udfjc\/wp-json\/wp\/v2\/posts\/3696\/revisions\/3700"}],"wp:featuredmedia":[{"embeddable":true,"href":"https:\/\/acacia.red\/udfjc\/wp-json\/wp\/v2\/media\/3699"}],"wp:attachment":[{"href":"https:\/\/acacia.red\/udfjc\/wp-json\/wp\/v2\/media?parent=3696"}],"wp:term":[{"taxonomy":"category","embeddable":true,"href":"https:\/\/acacia.red\/udfjc\/wp-json\/wp\/v2\/categories?post=3696"},{"taxonomy":"post_tag","embeddable":true,"href":"https:\/\/acacia.red\/udfjc\/wp-json\/wp\/v2\/tags?post=3696"}],"curies":[{"name":"wp","href":"https:\/\/api.w.org\/{rel}","templated":true}]}}