{"id":3657,"date":"2023-05-03T19:17:37","date_gmt":"2023-05-03T19:17:37","guid":{"rendered":"https:\/\/acacia.red\/udfjc\/?p=3657"},"modified":"2023-05-03T19:18:08","modified_gmt":"2023-05-03T19:18:08","slug":"nueva-convocatoria-de-minciencias-para-mujeres-con-doctorado-y-jovenes-investigadoras","status":"publish","type":"post","link":"https:\/\/acacia.red\/udfjc\/nueva-convocatoria-de-minciencias-para-mujeres-con-doctorado-y-jovenes-investigadoras\/","title":{"rendered":"Nueva Convocatoria de Minciencias para mujeres con doctorado y j\u00f3venes investigadoras"},"content":{"rendered":"\n<p style=\"font-size:17px\">Se trata del<em>\u00a0\u2018<\/em><a href=\"https:\/\/minciencias.gov.co\/convocatorias\/construccion-paz-programa-y-proyectos-ctei-fortalecimiento-capacidades-para-la\">Programa Orqu\u00eddeas &#8211; Agentes para la Paz 2023\u2019<\/a>. Esta es la nueva convocatoria de Minciencias. La iniciativa busca unir la experiencia y los conocimientos de 120 mujeres (profesionales con doctorado y j\u00f3venes investigadoras), para el desarrollo de proyectos de Investigaci\u00f3n, Desarrollo e Innovaci\u00f3n (I+D+I). La convocatoria estar\u00e1 abierta hasta el 23 de mayo de 2023 a las 4:00 p.m y la financiaci\u00f3n se otorgar\u00e1 por un periodo de doce meses y los recursos ser\u00e1n asignados de la siguiente manera:<\/p>\n\n\n\n<p style=\"font-size:17px\">\u2713\u00a0<strong>Vinculaci\u00f3n de la Joven Investigadora e Innovadora<\/strong>. Se reconocer\u00e1 $1.500.000 mensuales a cada joven en calidad de estudiante de pregrado (quien haya aprobado m\u00ednimo el 70% de los cr\u00e9ditos acad\u00e9micos), y $2.500.000 mensuales para la joven graduada del pregrado.<br>\u00a0<br>\u2713\u00a0<strong>Apoyo al sostenimiento a la doctora.<\/strong>\u00a0$10.000.000 mensuales para la realizaci\u00f3n de la estancia posdoctoral de Investigaci\u00f3n, Desarrollo tecnol\u00f3gico y\/o Innovaci\u00f3n (I+D+i).<br><br>\u2713\u00a0<strong>Desarrollo del proyecto de I+D+i<\/strong>. Hasta $50.000.000 para apoyar la ejecuci\u00f3n de la propuesta.<br><\/p>\n\n\n\n<p style=\"font-size:17px\">La convocatoria cuenta con enfoque diferencial e incluyente, en las categor\u00edas de sexo, grupo \u00e9tnico y poblaci\u00f3n v\u00edctima del conflicto armado, por lo cual, a las doctoras y las J\u00f3venes Investigadoras e Innovadoras que pertenezcan a alguno de estos grupos se les otorgar\u00e1 puntuaci\u00f3n en los criterios de evaluaci\u00f3n.<\/p>\n\n\n\n<p style=\"font-size:17px\"><strong>Tem\u00e1ticas de la convocatoria<\/strong><br><\/p>\n\n\n\n<p style=\"font-size:17px\">Se esperan proyectos de todas las \u00e1reas del conocimiento que contribuyan de forma creativa e innovadora a la construcci\u00f3n de la Paz Total, en tem\u00e1ticas como:<\/p>\n\n\n\n<p style=\"font-size:17px\">\u2713 Causas de los conflictos y las consecuencias para el bienestar de los colombianos.<br>\u2713 Reconocimiento de las experiencias y los procesos de paz.<br>\u2713 Comprensi\u00f3n de las diversas formas, escalas y niveles de conflicto (local, regional, nacional, internacional).<br>\u2713 Construcci\u00f3n de soluciones socio-t\u00e9cnicas que fomenten y fortalezcan la convivencia pac\u00edfica en condiciones de equidad y justicia social.<br>\u2713 Investigaci\u00f3n, desarrollos tecnol\u00f3gicos o innovaciones que permitan atender problem\u00e1ticas asociadas a las diversas formas de violencia en Colombia.<\/p>\n\n\n\n<p style=\"font-size:17px\">La convocatoria estar\u00e1 abierta hasta el 23 de mayo a las 4:00 p.m. y las interesadas podr\u00e1n ingresar a<em>\u00a0\u2018<\/em><a href=\"https:\/\/minciencias.gov.co\/convocatorias\/construccion-paz-programa-y-proyectos-ctei-fortalecimiento-capacidades-para-la\">Programa Orqu\u00eddeas &#8211; Agentes para la Paz 2023\u2019<\/a>\u00a0donde encontrar\u00e1n los detalles.<\/p>\n","protected":false},"excerpt":{"rendered":"<p>Se trata del\u00a0\u2018Programa Orqu\u00eddeas &#8211; Agentes para la Paz 2023\u2019. Esta es la nueva convocatoria de Minciencias. La iniciativa busca unir la experiencia y los conocimientos de 120 mujeres (profesionales con doctorado y j\u00f3venes investigadoras), para el desarrollo de proyectos de Investigaci\u00f3n, Desarrollo e Innovaci\u00f3n (I+D+I). La convocatoria estar\u00e1 abierta hasta el 23 de mayo de 2023 a las 4:00 [&hellip;]<\/p>\n","protected":false},"author":13,"featured_media":3659,"comment_status":"closed","ping_status":"closed","sticky":false,"template":"","format":"standard","meta":{"om_disable_all_campaigns":false,"_monsterinsights_skip_tracking":false,"_monsterinsights_sitenote_active":false,"_monsterinsights_sitenote_note":"","_monsterinsights_sitenote_category":0,"_uf_show_specific_survey":0,"_uf_disable_surveys":false,"h5ap_radio_sources":[],"footnotes":""},"categories":[19],"tags":[],"class_list":["post-3657","post","type-post","status-publish","format-standard","has-post-thumbnail","hentry","category-noticias"],"aioseo_notices":[],"_links":{"self":[{"href":"https:\/\/acacia.red\/udfjc\/wp-json\/wp\/v2\/posts\/3657","targetHints":{"allow":["GET"]}}],"collection":[{"href":"https:\/\/acacia.red\/udfjc\/wp-json\/wp\/v2\/posts"}],"about":[{"href":"https:\/\/acacia.red\/udfjc\/wp-json\/wp\/v2\/types\/post"}],"author":[{"embeddable":true,"href":"https:\/\/acacia.red\/udfjc\/wp-json\/wp\/v2\/users\/13"}],"replies":[{"embeddable":true,"href":"https:\/\/acacia.red\/udfjc\/wp-json\/wp\/v2\/comments?post=3657"}],"version-history":[{"count":6,"href":"https:\/\/acacia.red\/udfjc\/wp-json\/wp\/v2\/posts\/3657\/revisions"}],"predecessor-version":[{"id":3664,"href":"https:\/\/acacia.red\/udfjc\/wp-json\/wp\/v2\/posts\/3657\/revisions\/3664"}],"wp:featuredmedia":[{"embeddable":true,"href":"https:\/\/acacia.red\/udfjc\/wp-json\/wp\/v2\/media\/3659"}],"wp:attachment":[{"href":"https:\/\/acacia.red\/udfjc\/wp-json\/wp\/v2\/media?parent=3657"}],"wp:term":[{"taxonomy":"category","embeddable":true,"href":"https:\/\/acacia.red\/udfjc\/wp-json\/wp\/v2\/categories?post=3657"},{"taxonomy":"post_tag","embeddable":true,"href":"https:\/\/acacia.red\/udfjc\/wp-json\/wp\/v2\/tags?post=3657"}],"curies":[{"name":"wp","href":"https:\/\/api.w.org\/{rel}","templated":true}]}}