{"id":3626,"date":"2023-04-26T15:57:59","date_gmt":"2023-04-26T15:57:59","guid":{"rendered":"https:\/\/acacia.red\/udfjc\/?p=3626"},"modified":"2023-04-26T19:53:05","modified_gmt":"2023-04-26T19:53:05","slug":"terminos-y-condiciones-del-concurso-de-cronica","status":"publish","type":"post","link":"https:\/\/acacia.red\/udfjc\/terminos-y-condiciones-del-concurso-de-cronica\/","title":{"rendered":"T\u00e9rminos y condiciones del concurso de cr\u00f3nica"},"content":{"rendered":"\n<p style=\"font-size:17px\"><strong>PARTICIPANTES:<\/strong>\u00a0<\/p>\n\n\n\n<p style=\"font-size:17px\">Podr\u00e1 participar en el concurso cualquier persona de la comunidad universitaria de la Universidad Distrital Francisco Jos\u00e9 de Caldas (estudiantes, funcionarios, profesores, etc.)\u00a0<\/p>\n\n\n\n<p style=\"font-size:17px\"><strong>TEM\u00c1TICA:<\/strong>\u00a0\u00a0<\/p>\n\n\n\n<p style=\"font-size:17px\">El tema principal ser\u00e1 el Acogimiento a la diversidad funcional en la UD\u00a0en todos sus \u00e1mbitos: Diversidad motora, visual, cognitiva y auditiva. \u00a0<\/p>\n\n\n\n<p style=\"font-size:17px\"><strong>Sentir la UD:<\/strong><em> <\/em><strong>Por una universidad libre de exclusiones.<\/strong>&nbsp;<\/p>\n\n\n\n<p style=\"font-size:17px\">Sabias qu\u00e9 en nuestra Universidad Distrital Francisco Jos\u00e9 de Caldas, en el \u00faltimo a\u00f1o ingresaron 56 estudiantes y docentes que tienen alg\u00fan tipo de diversidad funcional, nombre actual que tiene el prop\u00f3sito de reivindicar su dignidad y superar la discriminaci\u00f3n y marginaci\u00f3n desde definiciones negativas como son discapacidad o minusval\u00eda. &nbsp;<\/p>\n\n\n\n<p style=\"font-size:17px\">El objeto de este concurso es visibilizar por medio de <strong>la cr\u00f3nica<\/strong>, las historias y los contextos a los que se enfrentan en su cotidianidad las personas con diversidad funcional. Tambi\u00e9n busca explorar c\u00f3mo la comunidad universitaria puede aportar al acogimiento de la diversidad desde una vis\u00f3n inclusiva y afectiva. &nbsp;<\/p>\n\n\n\n<p style=\"font-size:17px\"><strong>OBRAS:<\/strong>\u00a0\u00a0<\/p>\n\n\n\n<p style=\"font-size:17px\">Cada participante podr\u00e1 presentar&nbsp;<strong>una cr\u00f3nica de m\u00e1ximo dos p\u00e1ginas tama\u00f1o carta con letra ARIAL 11<\/strong>. Las personas participantes se responsabilizan totalmente de ser los \u00fanicos autores, de que no existan derechos a terceros, as\u00ed como de toda reclamaci\u00f3n por derechos de imagen sobre las obras presentadas al concurso.&nbsp;<\/p>\n\n\n\n<p style=\"font-size:17px\">Se aceptar\u00e1n fotomontajes e ilustraciones. Se permitir\u00e1n m\u00ednimas correcciones de color y luminosidad.&nbsp;<\/p>\n\n\n\n<p style=\"font-size:17px\"><strong>PRESENTACI\u00d3N:<\/strong>&nbsp;una cr\u00f3nica de m\u00e1ximo dos p\u00e1ginas tama\u00f1o carta con letra ARIAL 11 en formato PDF. Las personas participantes se responsabilizan totalmente de ser los \u00fanicos autores, de que no existan derechos a terceros.<\/p>\n\n\n\n<p style=\"font-size:17px\"><strong>ENV\u00cdO:<\/strong>&nbsp;Las obras se deben enviar al correo electr\u00f3nico <a href=\"mailto:apoya.acacia@gmail.com\"><em>apoya.acacia@gmail.com<\/em><\/a> con las siguientes caracter\u00edsticas:&nbsp;<\/p>\n\n\n\n<p style=\"font-size:17px\"><strong>Asunto:<\/strong> <em>Concurso de Cr\u00f3nica \u201cAcogiendo la diversidad\u201d SU NOMBRE Y APELLIDO<\/em><em><\/em><\/p>\n\n\n\n<p style=\"font-size:17px\">El cuerpo del correo debe contener:&nbsp;<\/p>\n\n\n\n<ol class=\"wp-block-list\" type=\"1\">\n<li style=\"font-size:17px\">Nombre del autor(a)&nbsp;<\/li>\n\n\n\n<li style=\"font-size:17px\">Nombre de la cr\u00f3nica&nbsp;<\/li>\n\n\n\n<li style=\"font-size:17px\">Archivo adjunto e formato PDF<\/li>\n<\/ol>\n\n\n\n<p style=\"font-size:17px\"><strong>FECHAS:<\/strong>&nbsp;<\/p>\n\n\n\n<p style=\"font-size:17px\"><strong>Fecha de apertura:<\/strong> 26 de abril del 2023&nbsp;<\/p>\n\n\n\n<p style=\"font-size:17px\"><strong>Fecha de cierre:<\/strong> 26 de mayo del&nbsp;2023 &nbsp;<\/p>\n\n\n\n<p style=\"font-size:17px\">No se admitir\u00e1n textos presentadas despu\u00e9s del 26\/05\/2023&nbsp;<\/p>\n\n\n\n<p style=\"font-size:17px\"><strong>SELECCI\u00d3N Y PREMIACI\u00d3N: <\/strong>&nbsp;<\/p>\n\n\n\n<p style=\"font-size:17px\">El jurado estar\u00e1 formado por un fot\u00f3grafo y una docente del Centro Acacia. &nbsp;<\/p>\n\n\n\n<p style=\"font-size:17px\">Se seleccionar\u00e1n 3 cr\u00f3nicas finalistas para difundirlas de forma virtual.&nbsp;<\/p>\n\n\n\n<p style=\"font-size:17px\">El criterio de selecci\u00f3n es la creatividad y calidad t\u00e9cnica para la expresi\u00f3n del objeto del concurso.&nbsp;&nbsp; &nbsp;<\/p>\n\n\n\n<p style=\"font-size:17px\">Se premiar\u00e1 primer y segundo puesto. &nbsp;<\/p>\n\n\n\n<p style=\"font-size:17px\"><strong>ACEPTACI\u00d3N DE LAS BASES:&nbsp;<\/strong>La participaci\u00f3n en este concurso supone la plena aceptaci\u00f3n de todas y cada una de estas bases y del fallo inapelable del jurado. Las obras seleccionadas deber\u00e1n presentar un formato de sesi\u00f3n de derechos de reproducci\u00f3n de la obra por parte del Centro Acacia, el Sistema de Bibliotecas UD y Bienestar Universitario.&nbsp;<\/p>\n","protected":false},"excerpt":{"rendered":"<p>PARTICIPANTES:\u00a0 Podr\u00e1 participar en el concurso cualquier persona de la comunidad universitaria de la Universidad Distrital Francisco Jos\u00e9 de Caldas (estudiantes, funcionarios, profesores, etc.)\u00a0 TEM\u00c1TICA:\u00a0\u00a0 El tema principal ser\u00e1 el Acogimiento a la diversidad funcional en la UD\u00a0en todos sus \u00e1mbitos: Diversidad motora, visual, cognitiva y auditiva. \u00a0 Sentir la UD: Por una universidad libre de exclusiones.&nbsp; Sabias qu\u00e9 en [&hellip;]<\/p>\n","protected":false},"author":13,"featured_media":3628,"comment_status":"closed","ping_status":"closed","sticky":false,"template":"","format":"standard","meta":{"om_disable_all_campaigns":false,"_monsterinsights_skip_tracking":false,"_monsterinsights_sitenote_active":false,"_monsterinsights_sitenote_note":"","_monsterinsights_sitenote_category":0,"_uf_show_specific_survey":0,"_uf_disable_surveys":false,"h5ap_radio_sources":[],"footnotes":""},"categories":[133],"tags":[],"class_list":["post-3626","post","type-post","status-publish","format-standard","has-post-thumbnail","hentry","category-apoya"],"aioseo_notices":[],"_links":{"self":[{"href":"https:\/\/acacia.red\/udfjc\/wp-json\/wp\/v2\/posts\/3626","targetHints":{"allow":["GET"]}}],"collection":[{"href":"https:\/\/acacia.red\/udfjc\/wp-json\/wp\/v2\/posts"}],"about":[{"href":"https:\/\/acacia.red\/udfjc\/wp-json\/wp\/v2\/types\/post"}],"author":[{"embeddable":true,"href":"https:\/\/acacia.red\/udfjc\/wp-json\/wp\/v2\/users\/13"}],"replies":[{"embeddable":true,"href":"https:\/\/acacia.red\/udfjc\/wp-json\/wp\/v2\/comments?post=3626"}],"version-history":[{"count":4,"href":"https:\/\/acacia.red\/udfjc\/wp-json\/wp\/v2\/posts\/3626\/revisions"}],"predecessor-version":[{"id":3631,"href":"https:\/\/acacia.red\/udfjc\/wp-json\/wp\/v2\/posts\/3626\/revisions\/3631"}],"wp:featuredmedia":[{"embeddable":true,"href":"https:\/\/acacia.red\/udfjc\/wp-json\/wp\/v2\/media\/3628"}],"wp:attachment":[{"href":"https:\/\/acacia.red\/udfjc\/wp-json\/wp\/v2\/media?parent=3626"}],"wp:term":[{"taxonomy":"category","embeddable":true,"href":"https:\/\/acacia.red\/udfjc\/wp-json\/wp\/v2\/categories?post=3626"},{"taxonomy":"post_tag","embeddable":true,"href":"https:\/\/acacia.red\/udfjc\/wp-json\/wp\/v2\/tags?post=3626"}],"curies":[{"name":"wp","href":"https:\/\/api.w.org\/{rel}","templated":true}]}}