{"id":3598,"date":"2023-04-11T16:26:03","date_gmt":"2023-04-11T16:26:03","guid":{"rendered":"https:\/\/acacia.red\/udfjc\/?p=3598"},"modified":"2023-04-11T16:26:06","modified_gmt":"2023-04-11T16:26:06","slug":"vallenato-cantaoras-oralidad-y-narrativas-visuales-taller-artistico-proyecto-transmigrarts","status":"publish","type":"post","link":"https:\/\/acacia.red\/udfjc\/vallenato-cantaoras-oralidad-y-narrativas-visuales-taller-artistico-proyecto-transmigrarts\/","title":{"rendered":"Vallenato, cantaoras, oralidad y narrativas visuales. Taller Art\u00edstico Proyecto TransMigrARTS"},"content":{"rendered":"\n<p style=\"font-size:17px\">En el mes de marzo inici\u00f3 el taller <strong>Vallenato, cantaoras, oralidad y narrativas visuales<\/strong>, en el marco del proyecto TransMigrARTS: transformar la Migraci\u00f3n por las Artes, a cargo del doctorando Daniel Pinz\u00f3n Lizarazo del Doctorado en Estudios Art\u00edsticos de la Facultad de Artes ASAB, UDFJC.<\/p>\n\n\n\n<p style=\"font-size:17px\">En este taller participan comunidades de artistas migrantes pertenecientes a Narraci\u00f3n Gr\u00e1fica Laboratorio de investigaci\u00f3n creaci\u00f3n ubicados en Bogot\u00e1 en una primera fase. Durante el mes de abril se llevar\u00e1 a cabo una segunda fase con la comunidad Juntanza de Mujeres en Valledupar. Este taller busca contribuir de manera positiva a trav\u00e9s de herramientas art\u00edsticas a propiciar espacios vivos, transitados y no excluyentes.<\/p>\n\n\n\n<figure class=\"wp-block-gallery has-nested-images columns-4 is-cropped wp-block-gallery-1 is-layout-flex wp-block-gallery-is-layout-flex\">\n<figure class=\"wp-block-image size-large\"><img loading=\"lazy\" decoding=\"async\" width=\"771\" height=\"1024\" data-id=\"3602\" src=\"https:\/\/acacia.red\/udfjc\/wp-content\/uploads\/sites\/5\/2023\/04\/Foto-taller-narrativas-4-771x1024.jpeg\" alt=\"\" class=\"wp-image-3602\" srcset=\"https:\/\/acacia.red\/udfjc\/wp-content\/uploads\/sites\/5\/2023\/04\/Foto-taller-narrativas-4-771x1024.jpeg 771w, https:\/\/acacia.red\/udfjc\/wp-content\/uploads\/sites\/5\/2023\/04\/Foto-taller-narrativas-4-226x300.jpeg 226w, https:\/\/acacia.red\/udfjc\/wp-content\/uploads\/sites\/5\/2023\/04\/Foto-taller-narrativas-4-768x1021.jpeg 768w, https:\/\/acacia.red\/udfjc\/wp-content\/uploads\/sites\/5\/2023\/04\/Foto-taller-narrativas-4-1156x1536.jpeg 1156w, https:\/\/acacia.red\/udfjc\/wp-content\/uploads\/sites\/5\/2023\/04\/Foto-taller-narrativas-4-672x893.jpeg 672w, https:\/\/acacia.red\/udfjc\/wp-content\/uploads\/sites\/5\/2023\/04\/Foto-taller-narrativas-4-1038x1379.jpeg 1038w, https:\/\/acacia.red\/udfjc\/wp-content\/uploads\/sites\/5\/2023\/04\/Foto-taller-narrativas-4.jpeg 1204w\" sizes=\"auto, (max-width: 771px) 100vw, 771px\" \/><\/figure>\n\n\n\n<figure class=\"wp-block-image size-large\"><img loading=\"lazy\" decoding=\"async\" width=\"771\" height=\"1024\" data-id=\"3600\" src=\"https:\/\/acacia.red\/udfjc\/wp-content\/uploads\/sites\/5\/2023\/04\/Foto-taller-narrativas-3-771x1024.jpeg\" alt=\"\" class=\"wp-image-3600\" srcset=\"https:\/\/acacia.red\/udfjc\/wp-content\/uploads\/sites\/5\/2023\/04\/Foto-taller-narrativas-3-771x1024.jpeg 771w, https:\/\/acacia.red\/udfjc\/wp-content\/uploads\/sites\/5\/2023\/04\/Foto-taller-narrativas-3-226x300.jpeg 226w, https:\/\/acacia.red\/udfjc\/wp-content\/uploads\/sites\/5\/2023\/04\/Foto-taller-narrativas-3-768x1021.jpeg 768w, https:\/\/acacia.red\/udfjc\/wp-content\/uploads\/sites\/5\/2023\/04\/Foto-taller-narrativas-3-1156x1536.jpeg 1156w, https:\/\/acacia.red\/udfjc\/wp-content\/uploads\/sites\/5\/2023\/04\/Foto-taller-narrativas-3-672x893.jpeg 672w, https:\/\/acacia.red\/udfjc\/wp-content\/uploads\/sites\/5\/2023\/04\/Foto-taller-narrativas-3-1038x1379.jpeg 1038w, https:\/\/acacia.red\/udfjc\/wp-content\/uploads\/sites\/5\/2023\/04\/Foto-taller-narrativas-3.jpeg 1204w\" sizes=\"auto, (max-width: 771px) 100vw, 771px\" \/><\/figure>\n\n\n\n<figure class=\"wp-block-image size-large\"><img loading=\"lazy\" decoding=\"async\" width=\"1024\" height=\"771\" data-id=\"3601\" src=\"https:\/\/acacia.red\/udfjc\/wp-content\/uploads\/sites\/5\/2023\/04\/Foto-taller-narrativas-2-1024x771.jpeg\" alt=\"\" class=\"wp-image-3601\" srcset=\"https:\/\/acacia.red\/udfjc\/wp-content\/uploads\/sites\/5\/2023\/04\/Foto-taller-narrativas-2-1024x771.jpeg 1024w, https:\/\/acacia.red\/udfjc\/wp-content\/uploads\/sites\/5\/2023\/04\/Foto-taller-narrativas-2-300x226.jpeg 300w, https:\/\/acacia.red\/udfjc\/wp-content\/uploads\/sites\/5\/2023\/04\/Foto-taller-narrativas-2-768x578.jpeg 768w, https:\/\/acacia.red\/udfjc\/wp-content\/uploads\/sites\/5\/2023\/04\/Foto-taller-narrativas-2-1536x1156.jpeg 1536w, https:\/\/acacia.red\/udfjc\/wp-content\/uploads\/sites\/5\/2023\/04\/Foto-taller-narrativas-2-400x300.jpeg 400w, https:\/\/acacia.red\/udfjc\/wp-content\/uploads\/sites\/5\/2023\/04\/Foto-taller-narrativas-2-672x506.jpeg 672w, https:\/\/acacia.red\/udfjc\/wp-content\/uploads\/sites\/5\/2023\/04\/Foto-taller-narrativas-2-1038x781.jpeg 1038w, https:\/\/acacia.red\/udfjc\/wp-content\/uploads\/sites\/5\/2023\/04\/Foto-taller-narrativas-2.jpeg 1600w\" sizes=\"auto, (max-width: 1024px) 100vw, 1024px\" \/><\/figure>\n\n\n\n<figure class=\"wp-block-image size-large\"><img loading=\"lazy\" decoding=\"async\" width=\"1024\" height=\"771\" data-id=\"3599\" src=\"https:\/\/acacia.red\/udfjc\/wp-content\/uploads\/sites\/5\/2023\/04\/Foto-taller-narrativas-1-1024x771.jpeg\" alt=\"\" class=\"wp-image-3599\" srcset=\"https:\/\/acacia.red\/udfjc\/wp-content\/uploads\/sites\/5\/2023\/04\/Foto-taller-narrativas-1-1024x771.jpeg 1024w, https:\/\/acacia.red\/udfjc\/wp-content\/uploads\/sites\/5\/2023\/04\/Foto-taller-narrativas-1-300x226.jpeg 300w, https:\/\/acacia.red\/udfjc\/wp-content\/uploads\/sites\/5\/2023\/04\/Foto-taller-narrativas-1-768x578.jpeg 768w, https:\/\/acacia.red\/udfjc\/wp-content\/uploads\/sites\/5\/2023\/04\/Foto-taller-narrativas-1-1536x1156.jpeg 1536w, https:\/\/acacia.red\/udfjc\/wp-content\/uploads\/sites\/5\/2023\/04\/Foto-taller-narrativas-1-400x300.jpeg 400w, https:\/\/acacia.red\/udfjc\/wp-content\/uploads\/sites\/5\/2023\/04\/Foto-taller-narrativas-1-672x506.jpeg 672w, https:\/\/acacia.red\/udfjc\/wp-content\/uploads\/sites\/5\/2023\/04\/Foto-taller-narrativas-1-1038x781.jpeg 1038w, https:\/\/acacia.red\/udfjc\/wp-content\/uploads\/sites\/5\/2023\/04\/Foto-taller-narrativas-1.jpeg 1600w\" sizes=\"auto, (max-width: 1024px) 100vw, 1024px\" \/><\/figure>\n<\/figure>\n\n\n\n<p><strong>Proyecto TransMigrARTS<\/strong><\/p>\n\n\n\n<p style=\"font-size:17px\">Comit\u00e9 de Comunicaciones<\/p>\n\n\n\n<p style=\"font-size:17px\">Comit\u00e9 de Organizaci\u00f3n<\/p>\n\n\n\n<p style=\"font-size:17px\"><strong>Enlaces de inter\u00e9s<\/strong><\/p>\n\n\n\n<p style=\"font-size:17px\"><a href=\"https:\/\/www.transmigrarts.com\/\">Sitio oficial del proyecto TransMigrArts<\/a><\/p>\n\n\n\n<p style=\"font-size:17px\"><a href=\"https:\/\/www.facebook.com\/pages\/category\/Scientist\/Transmigrarts-100705302065206\/\">Facebook del proyecto TransMigrArts<\/a><\/p>\n\n\n\n<p style=\"font-size:17px\"><a href=\"https:\/\/pasarelaperformati.wixsite.com\/pasarela\">Sitio de la: Escuela de performance y performatividades Pasarela: artes del buen vivir<\/a><\/p>\n\n\n<div class=\"wp-block-image\">\n<figure class=\"aligncenter size-full\"><img loading=\"lazy\" decoding=\"async\" width=\"589\" height=\"441\" src=\"https:\/\/acacia.red\/udfjc\/wp-content\/uploads\/sites\/5\/2022\/11\/Logos-Proyecto-Transmigrarts-1.png\" alt=\"\" class=\"wp-image-3530\" srcset=\"https:\/\/acacia.red\/udfjc\/wp-content\/uploads\/sites\/5\/2022\/11\/Logos-Proyecto-Transmigrarts-1.png 589w, https:\/\/acacia.red\/udfjc\/wp-content\/uploads\/sites\/5\/2022\/11\/Logos-Proyecto-Transmigrarts-1-300x225.png 300w, https:\/\/acacia.red\/udfjc\/wp-content\/uploads\/sites\/5\/2022\/11\/Logos-Proyecto-Transmigrarts-1-400x300.png 400w\" sizes=\"auto, (max-width: 589px) 100vw, 589px\" \/><\/figure>\n<\/div>","protected":false},"excerpt":{"rendered":"<p>En el mes de marzo inici\u00f3 el taller Vallenato, cantaoras, oralidad y narrativas visuales, en el marco del proyecto TransMigrARTS: transformar la Migraci\u00f3n por las Artes, a cargo del doctorando Daniel Pinz\u00f3n Lizarazo del Doctorado en Estudios Art\u00edsticos de la Facultad de Artes ASAB, UDFJC. En este taller participan comunidades de artistas migrantes pertenecientes a Narraci\u00f3n Gr\u00e1fica Laboratorio de investigaci\u00f3n [&hellip;]<\/p>\n","protected":false},"author":13,"featured_media":3601,"comment_status":"closed","ping_status":"closed","sticky":false,"template":"","format":"standard","meta":{"om_disable_all_campaigns":false,"_monsterinsights_skip_tracking":false,"_monsterinsights_sitenote_active":false,"_monsterinsights_sitenote_note":"","_monsterinsights_sitenote_category":0,"_uf_show_specific_survey":0,"_uf_disable_surveys":false,"h5ap_radio_sources":[],"footnotes":""},"categories":[136],"tags":[],"class_list":["post-3598","post","type-post","status-publish","format-standard","has-post-thumbnail","hentry","category-empodera"],"aioseo_notices":[],"_links":{"self":[{"href":"https:\/\/acacia.red\/udfjc\/wp-json\/wp\/v2\/posts\/3598","targetHints":{"allow":["GET"]}}],"collection":[{"href":"https:\/\/acacia.red\/udfjc\/wp-json\/wp\/v2\/posts"}],"about":[{"href":"https:\/\/acacia.red\/udfjc\/wp-json\/wp\/v2\/types\/post"}],"author":[{"embeddable":true,"href":"https:\/\/acacia.red\/udfjc\/wp-json\/wp\/v2\/users\/13"}],"replies":[{"embeddable":true,"href":"https:\/\/acacia.red\/udfjc\/wp-json\/wp\/v2\/comments?post=3598"}],"version-history":[{"count":1,"href":"https:\/\/acacia.red\/udfjc\/wp-json\/wp\/v2\/posts\/3598\/revisions"}],"predecessor-version":[{"id":3603,"href":"https:\/\/acacia.red\/udfjc\/wp-json\/wp\/v2\/posts\/3598\/revisions\/3603"}],"wp:featuredmedia":[{"embeddable":true,"href":"https:\/\/acacia.red\/udfjc\/wp-json\/wp\/v2\/media\/3601"}],"wp:attachment":[{"href":"https:\/\/acacia.red\/udfjc\/wp-json\/wp\/v2\/media?parent=3598"}],"wp:term":[{"taxonomy":"category","embeddable":true,"href":"https:\/\/acacia.red\/udfjc\/wp-json\/wp\/v2\/categories?post=3598"},{"taxonomy":"post_tag","embeddable":true,"href":"https:\/\/acacia.red\/udfjc\/wp-json\/wp\/v2\/tags?post=3598"}],"curies":[{"name":"wp","href":"https:\/\/api.w.org\/{rel}","templated":true}]}}