{"id":3510,"date":"2022-10-28T20:36:23","date_gmt":"2022-10-28T20:36:23","guid":{"rendered":"https:\/\/acacia.red\/udfjc\/?p=3510"},"modified":"2022-11-28T14:50:24","modified_gmt":"2022-11-28T14:50:24","slug":"el-centro-acacia-te-invita-a-que-participes-en-la-carrera-por-la-inclusion-en-la-semana-tecnologica","status":"publish","type":"post","link":"https:\/\/acacia.red\/udfjc\/el-centro-acacia-te-invita-a-que-participes-en-la-carrera-por-la-inclusion-en-la-semana-tecnologica\/","title":{"rendered":"El Centro Acacia te invita a que participes en La carrera por la inclusi\u00f3n en la Semana Tecnol\u00f3gica"},"content":{"rendered":"\n<p style=\"font-size:17px\">El pr\u00f3ximo <strong>mi\u00e9rcoles 2 de noviembre<\/strong> se llevar\u00e1 a cabo la Carrera por la Inclusi\u00f3n, una apuesta del Centro Acacia para acercar a los estudiantes de la Facultad Tecnol\u00f3gica a reflexionar sobre nuestro papel en la Universidad y la realidad que nos rodea.<\/p>\n\n\n\n<p style=\"font-size:17px\">Recuerda que para inscribirte debes hacerlo por medio de <a href=\"https:\/\/docs.google.com\/forms\/d\/e\/1FAIpQLSeYnXd1y_fDKMTKWOa2qhuzVxwczBiHjpzgiwv04o5_GETaQQ\/viewform\">este formulario<\/a><\/p>\n\n\n\n<p style=\"font-size:17px\">En esta carrera de observaci\u00f3n las personas participantes podr\u00e1n obtener un <strong>premio sorpresa <\/strong>al completar las diferentes estaciones y retos que el equipo del Centro Acacia ha preparado especialmente para ti.<\/p>\n\n\n\n<p style=\"font-size:17px\">Nos vemos el mi\u00e9rcoles 2 de noviembre a las 2pm en el parqueadero de la Facultad Tecnol\u00f3gica para nuestra Carrera por la Inclusi\u00f3n. Esta actividad del Centro Acacia hace parte de la programaci\u00f3n de la Semana Tecnol\u00f3gica.<\/p>\n\n\n\n<p style=\"font-size:17px\"><strong>Recuerda invitar a tus amigas y amigos<\/strong><\/p>\n\n\n\n<p style=\"font-size:17px\"><strong>&nbsp;\u00a1Te esperamos!<\/strong><\/p>\n","protected":false},"excerpt":{"rendered":"<p>El pr\u00f3ximo mi\u00e9rcoles 2 de noviembre se llevar\u00e1 a cabo la Carrera por la Inclusi\u00f3n, una apuesta del Centro Acacia para acercar a los estudiantes de la Facultad Tecnol\u00f3gica a reflexionar sobre nuestro papel en la Universidad y la realidad que nos rodea. Recuerda que para inscribirte debes hacerlo por medio de este formulario En esta carrera de observaci\u00f3n las [&hellip;]<\/p>\n","protected":false},"author":13,"featured_media":3511,"comment_status":"closed","ping_status":"closed","sticky":false,"template":"","format":"standard","meta":{"om_disable_all_campaigns":false,"_monsterinsights_skip_tracking":false,"_monsterinsights_sitenote_active":false,"_monsterinsights_sitenote_note":"","_monsterinsights_sitenote_category":0,"_uf_show_specific_survey":0,"_uf_disable_surveys":false,"h5ap_radio_sources":[],"footnotes":""},"categories":[19],"tags":[],"class_list":["post-3510","post","type-post","status-publish","format-standard","has-post-thumbnail","hentry","category-noticias"],"aioseo_notices":[],"_links":{"self":[{"href":"https:\/\/acacia.red\/udfjc\/wp-json\/wp\/v2\/posts\/3510","targetHints":{"allow":["GET"]}}],"collection":[{"href":"https:\/\/acacia.red\/udfjc\/wp-json\/wp\/v2\/posts"}],"about":[{"href":"https:\/\/acacia.red\/udfjc\/wp-json\/wp\/v2\/types\/post"}],"author":[{"embeddable":true,"href":"https:\/\/acacia.red\/udfjc\/wp-json\/wp\/v2\/users\/13"}],"replies":[{"embeddable":true,"href":"https:\/\/acacia.red\/udfjc\/wp-json\/wp\/v2\/comments?post=3510"}],"version-history":[{"count":1,"href":"https:\/\/acacia.red\/udfjc\/wp-json\/wp\/v2\/posts\/3510\/revisions"}],"predecessor-version":[{"id":3512,"href":"https:\/\/acacia.red\/udfjc\/wp-json\/wp\/v2\/posts\/3510\/revisions\/3512"}],"wp:featuredmedia":[{"embeddable":true,"href":"https:\/\/acacia.red\/udfjc\/wp-json\/wp\/v2\/media\/3511"}],"wp:attachment":[{"href":"https:\/\/acacia.red\/udfjc\/wp-json\/wp\/v2\/media?parent=3510"}],"wp:term":[{"taxonomy":"category","embeddable":true,"href":"https:\/\/acacia.red\/udfjc\/wp-json\/wp\/v2\/categories?post=3510"},{"taxonomy":"post_tag","embeddable":true,"href":"https:\/\/acacia.red\/udfjc\/wp-json\/wp\/v2\/tags?post=3510"}],"curies":[{"name":"wp","href":"https:\/\/api.w.org\/{rel}","templated":true}]}}