{"id":3211,"date":"2022-03-30T15:29:57","date_gmt":"2022-03-30T15:29:57","guid":{"rendered":"https:\/\/acacia.red\/udfjc\/?p=3211"},"modified":"2022-03-30T15:31:19","modified_gmt":"2022-03-30T15:31:19","slug":"inicia-el-concurso-de-fotografia-miradas-afro-en-la-ud","status":"publish","type":"post","link":"https:\/\/acacia.red\/udfjc\/inicia-el-concurso-de-fotografia-miradas-afro-en-la-ud\/","title":{"rendered":"Inicia el concurso de fotograf\u00eda \u2018Miradas afro en la UD\u2019"},"content":{"rendered":"\n<p><strong>Por:<\/strong> Alejandra Gonz\u00e1lez<\/p>\n\n\n\n<p style=\"font-size:17px\">El CADEP Acacia, el IPAZUD, el Sistema de Bibliotecas, Bienestar Institucional y la Maestr\u00eda en Investigaci\u00f3n social Interdisciplinaria (MISI) invitan a toda la comunidad universitaria a participar del <strong>concurso de fotograf\u00eda \u2018Miradas afro en la UD\u2019<\/strong>, una iniciativa que busca recopilar y visibilizar las miradas y\/o formas de ver la cultura afro en la Universidad Distrital Francisco Jos\u00e9 de Caldas (UDFJC).<\/p>\n\n\n\n<p style=\"font-size:17px\">Este concurso hace parte de la campa\u00f1a \u2018Voces y miradas afro: experiencias interculturales en la UD\u2019, una acci\u00f3n institucional que promueve el <strong>reconocimiento y el respeto de la interculturalidad y la diversidad<\/strong> en nuestra Instituci\u00f3n, espec\u00edficamente de la poblaci\u00f3n afro.<\/p>\n\n\n\n<p style=\"font-size:17px\">Nuestros estudiantes, docentes, administrativos, personal de vigilancia y servicios generales podr\u00e1n participar en esta actividad. Solo deben enviar a nuestro correo electr\u00f3nico <a href=\"mailto:campanasacacia@udistrital.edu.co\">campanasacacia@udistrital.edu.co<\/a> m\u00e1ximo 2 fotograf\u00edas por persona que representen el significado de lo afro y que cumplan con los siguientes lineamientos:<\/p>\n\n\n\n<p style=\"font-size:17px\"><strong>Env\u00edo<\/strong><\/p>\n\n\n\n<ul class=\"wp-block-list\" style=\"font-size:17px\"><li>Correo electr\u00f3nico con el asunto: <strong>Concurso de fotograf\u00eda miradas afro<\/strong><\/li><li>Nombre completo del participante<\/li><li>T\u00edtulo de la foto<\/li><li>Rol o cargo en la Universidad<\/li><li>Facultad, dependencia u organismo institucional<\/li><li>Carrera que est\u00e1 cursando (en caso de ser estudiante)<\/li><li>El plazo m\u00e1ximo de env\u00edo de las fotograf\u00edas es el <strong>jueves 21 de abril<\/strong><\/li><\/ul>\n\n\n\n<p style=\"font-size:17px\"><strong>Especificaciones t\u00e9cnicas<\/strong><\/p>\n\n\n\n<ul class=\"wp-block-list\" style=\"font-size:17px\"><li>Tipo de fotograf\u00eda: Libre (pueden ser retratos, composiciones, paisajes etc\u2026) pero debe abordarse el significado de lo afro<\/li><li>Las fotograf\u00edas pueden tomarse con cualquier dispositivo (c\u00e1mara o celular)<\/li><li>Buena <strong>iluminaci\u00f3n<\/strong><\/li><li>Buen <strong>enfoque<\/strong><\/li><li>Buena <strong>resoluci\u00f3n<\/strong><\/li><\/ul>\n\n\n\n<p style=\"font-size:17px\">Construyamos juntos nuevas miradas sobre la cultura afro en la UD \u00a1an\u00edmense a participar!<\/p>\n","protected":false},"excerpt":{"rendered":"<p>Por: Alejandra Gonz\u00e1lez El CADEP Acacia, el IPAZUD, el Sistema de Bibliotecas, Bienestar Institucional y la Maestr\u00eda en Investigaci\u00f3n social Interdisciplinaria (MISI) invitan a toda la comunidad universitaria a participar del concurso de fotograf\u00eda \u2018Miradas afro en la UD\u2019, una iniciativa que busca recopilar y visibilizar las miradas y\/o formas de ver la cultura afro en la Universidad Distrital Francisco [&hellip;]<\/p>\n","protected":false},"author":13,"featured_media":3212,"comment_status":"closed","ping_status":"closed","sticky":false,"template":"","format":"standard","meta":{"om_disable_all_campaigns":false,"_monsterinsights_skip_tracking":false,"_monsterinsights_sitenote_active":false,"_monsterinsights_sitenote_note":"","_monsterinsights_sitenote_category":0,"_uf_show_specific_survey":0,"_uf_disable_surveys":false,"h5ap_radio_sources":[],"footnotes":""},"categories":[133,138,140,139,161,19],"tags":[],"class_list":["post-3211","post","type-post","status-publish","format-standard","has-post-thumbnail","hentry","category-apoya","category-apoya-objetivos","category-apoya-recursos","category-apoya-servicios","category-apoya-en-red","category-noticias"],"aioseo_notices":[],"_links":{"self":[{"href":"https:\/\/acacia.red\/udfjc\/wp-json\/wp\/v2\/posts\/3211","targetHints":{"allow":["GET"]}}],"collection":[{"href":"https:\/\/acacia.red\/udfjc\/wp-json\/wp\/v2\/posts"}],"about":[{"href":"https:\/\/acacia.red\/udfjc\/wp-json\/wp\/v2\/types\/post"}],"author":[{"embeddable":true,"href":"https:\/\/acacia.red\/udfjc\/wp-json\/wp\/v2\/users\/13"}],"replies":[{"embeddable":true,"href":"https:\/\/acacia.red\/udfjc\/wp-json\/wp\/v2\/comments?post=3211"}],"version-history":[{"count":1,"href":"https:\/\/acacia.red\/udfjc\/wp-json\/wp\/v2\/posts\/3211\/revisions"}],"predecessor-version":[{"id":3213,"href":"https:\/\/acacia.red\/udfjc\/wp-json\/wp\/v2\/posts\/3211\/revisions\/3213"}],"wp:featuredmedia":[{"embeddable":true,"href":"https:\/\/acacia.red\/udfjc\/wp-json\/wp\/v2\/media\/3212"}],"wp:attachment":[{"href":"https:\/\/acacia.red\/udfjc\/wp-json\/wp\/v2\/media?parent=3211"}],"wp:term":[{"taxonomy":"category","embeddable":true,"href":"https:\/\/acacia.red\/udfjc\/wp-json\/wp\/v2\/categories?post=3211"},{"taxonomy":"post_tag","embeddable":true,"href":"https:\/\/acacia.red\/udfjc\/wp-json\/wp\/v2\/tags?post=3211"}],"curies":[{"name":"wp","href":"https:\/\/api.w.org\/{rel}","templated":true}]}}