{"id":3189,"date":"2022-03-16T16:38:45","date_gmt":"2022-03-16T16:38:45","guid":{"rendered":"https:\/\/acacia.red\/udfjc\/?p=3189"},"modified":"2022-03-16T16:40:26","modified_gmt":"2022-03-16T16:40:26","slug":"el-cadep-acacia-participo-en-el-homenaje-a-mujeres-con-discapacidad-cuidadoras-y-lideresas-incluyentes","status":"publish","type":"post","link":"https:\/\/acacia.red\/udfjc\/el-cadep-acacia-participo-en-el-homenaje-a-mujeres-con-discapacidad-cuidadoras-y-lideresas-incluyentes\/","title":{"rendered":"El CADEP Acacia particip\u00f3 en el homenaje a mujeres con discapacidad, cuidadoras y lideresas incluyentes"},"content":{"rendered":"\n<p><strong>Por:<\/strong> Alejandra Gonz\u00e1lez<\/p>\n\n\n\n<p style=\"font-size:17px\">La organizaci\u00f3n social internacional (SERPAJ) Servicio Paz y Justicia en Am\u00e9rica Latina invit\u00f3 a la Universidad Distrital Francisco Jos\u00e9 de Caldas a sumarse al homenaje que, en el marco de la conmemoraci\u00f3n del D\u00eda Internacional de la Mujer, rindi\u00f3 a las mujeres con discapacidad con la participaci\u00f3n en el equipo organizador del Centro de Apoyo y Desarrollo Educativo y Profesional (CADEP Acacia).<\/p>\n\n\n\n<p style=\"font-size:17px\">El evento se realiz\u00f3 el 2 de marzo en la sede Aduanilla de Paiba de la Universidad y cont\u00f3 con la asistencia de alrededor de 50 personas, entre ellas mujeres con discapacidad, lideresas y cuidadoras.<\/p>\n\n\n\n<p style=\"font-size:17px\">Este homenaje busc\u00f3 destacar y reconocer la valent\u00eda, tenacidad, fortaleza y liderazgo de las mujeres con discapacidad, quienes transforman nuestras realidades al ser gestoras de cambio, de lucha y de esperanza.<\/p>\n\n\n\n<p style=\"font-size:17px\">La agenda inici\u00f3 con las palabras del Coordinador en Colombia del SERPAJ &#8211; AL), el doctor Fabio Miguel Monroy Mart\u00ednez, quien dio la bienvenida al encuentro y expuso las acciones realizadas por esta organizaci\u00f3n.<\/p>\n\n\n\n<p style=\"font-size:17px\">Posteriormente, la ingeniera Sandra Esperanza M\u00e9ndez Caro, Directora del Centro de Apoyo y Desarrollo Educativo y Profesional (CADEP Acacia) de la Universidad inspir\u00f3 a las y los asistentes con sus palabras, pues comparti\u00f3 desde sus vivencias y sus sentires lo que para ella significa la discapacidad, la vida, la felicidad, los retos, los logros y el apreciar el presente desde la fuerza, la sensibilidad y el amor que son propios de la mujer. En este mismo sentido, invit\u00f3 a las mujeres en particular y a todos en general, a no olvidar que la vivencia de la discapacidad construye seres humanos capaces de transformar grandemente una sociedad y que por tanto toda vida, indistintamente de su condici\u00f3n f\u00edsica o intelectual, debe ser respetada, cuidada y defendida, prop\u00f3sito que deber\u00edan promover de manera muy especial, precisamente las mujeres.<\/p>\n\n\n\n<p style=\"font-size:17px\">Por otra parte, uno de los puntos m\u00e1s destacados del evento fue la participaci\u00f3n del doctor Juan Daniel Oviedo Director del Departamento Administrativo Nacional de Estad\u00edstica (DANE), quien present\u00f3 cifras respecto a las mujeres con discapacidad en el pa\u00eds, el n\u00famero de mujeres cuidadoras y los retos de la inclusi\u00f3n laboral a los que deben enfrentarse. \u201cA nivel nacional, el 13,5% de los hogares tiene al menos una persona con discapacidad y el 82,1% de las personas dentro del hogar que se dedican al cuidado de esta persona son mujeres\u201d, expuso el doctor Oviedo.<\/p>\n\n\n\n<p style=\"font-size:17px\">El evento continu\u00f3 con la intervenci\u00f3n de la doctora Olga Luc\u00eda Le\u00f3n Corredor, Coordinadora General de la Red de Instituciones de Educaci\u00f3n Superior con Centros Acacia (RIESC Acacia) y Coordinadora cient\u00edfica del CADEP Acacia de la Universidad, quien agradeci\u00f3 a la profesora Sandra M\u00e9ndez por su importante labor como Directora del CADEP Acacia UDFJC y expuso los objetivos y recursos de los Centros Acacia y los desaf\u00edos que enfrentan al promover una cultura de la accesibilidad y la afectividad en las Instituciones de Educaci\u00f3n Superior de Am\u00e9rica Latina y el Caribe. En la actualidad se cuenta ya con 6 Centros Acacia, ubicados en Per\u00fa, Nicaragua, Chile y Colombia, los que conforman la Red Internacional.<\/p>\n\n\n\n<p style=\"font-size:17px\">El evento concluy\u00f3 con un panel que abord\u00f3 el tema de la econom\u00eda del cuidado y la importancia del reconocimiento de las mujeres cuidadoras que dedican sus vidas a la protecci\u00f3n y atenci\u00f3n de personas con discapacidad y posteriormente se realiz\u00f3 la entrega de reconocimientos, un acto para conmemorar la lucha de las mujeres, por su participaci\u00f3n en la sociedad, por la igualdad de derechos y por continuar trabajando por una verdadera equidad de g\u00e9nero.<\/p>\n","protected":false},"excerpt":{"rendered":"<p>Por: Alejandra Gonz\u00e1lez La organizaci\u00f3n social internacional (SERPAJ) Servicio Paz y Justicia en Am\u00e9rica Latina invit\u00f3 a la Universidad Distrital Francisco Jos\u00e9 de Caldas a sumarse al homenaje que, en el marco de la conmemoraci\u00f3n del D\u00eda Internacional de la Mujer, rindi\u00f3 a las mujeres con discapacidad con la participaci\u00f3n en el equipo organizador del Centro de Apoyo y Desarrollo [&hellip;]<\/p>\n","protected":false},"author":13,"featured_media":3192,"comment_status":"closed","ping_status":"closed","sticky":false,"template":"","format":"standard","meta":{"om_disable_all_campaigns":false,"_monsterinsights_skip_tracking":false,"_monsterinsights_sitenote_active":false,"_monsterinsights_sitenote_note":"","_monsterinsights_sitenote_category":0,"_uf_show_specific_survey":0,"_uf_disable_surveys":false,"h5ap_radio_sources":[],"footnotes":""},"categories":[19],"tags":[],"class_list":["post-3189","post","type-post","status-publish","format-standard","has-post-thumbnail","hentry","category-noticias"],"aioseo_notices":[],"_links":{"self":[{"href":"https:\/\/acacia.red\/udfjc\/wp-json\/wp\/v2\/posts\/3189","targetHints":{"allow":["GET"]}}],"collection":[{"href":"https:\/\/acacia.red\/udfjc\/wp-json\/wp\/v2\/posts"}],"about":[{"href":"https:\/\/acacia.red\/udfjc\/wp-json\/wp\/v2\/types\/post"}],"author":[{"embeddable":true,"href":"https:\/\/acacia.red\/udfjc\/wp-json\/wp\/v2\/users\/13"}],"replies":[{"embeddable":true,"href":"https:\/\/acacia.red\/udfjc\/wp-json\/wp\/v2\/comments?post=3189"}],"version-history":[{"count":1,"href":"https:\/\/acacia.red\/udfjc\/wp-json\/wp\/v2\/posts\/3189\/revisions"}],"predecessor-version":[{"id":3193,"href":"https:\/\/acacia.red\/udfjc\/wp-json\/wp\/v2\/posts\/3189\/revisions\/3193"}],"wp:featuredmedia":[{"embeddable":true,"href":"https:\/\/acacia.red\/udfjc\/wp-json\/wp\/v2\/media\/3192"}],"wp:attachment":[{"href":"https:\/\/acacia.red\/udfjc\/wp-json\/wp\/v2\/media?parent=3189"}],"wp:term":[{"taxonomy":"category","embeddable":true,"href":"https:\/\/acacia.red\/udfjc\/wp-json\/wp\/v2\/categories?post=3189"},{"taxonomy":"post_tag","embeddable":true,"href":"https:\/\/acacia.red\/udfjc\/wp-json\/wp\/v2\/tags?post=3189"}],"curies":[{"name":"wp","href":"https:\/\/api.w.org\/{rel}","templated":true}]}}