{"id":2849,"date":"2021-04-05T15:29:00","date_gmt":"2021-04-05T15:29:00","guid":{"rendered":"https:\/\/acacia.red\/udfjc\/?p=2849"},"modified":"2021-04-06T15:54:57","modified_gmt":"2021-04-06T15:54:57","slug":"asi-se-vivio-el-primer-panel-del-encuentro-virtual-escuchandonos-en-pandemia-memorias-de-experiencias-en-la-udfjc","status":"publish","type":"post","link":"https:\/\/acacia.red\/udfjc\/asi-se-vivio-el-primer-panel-del-encuentro-virtual-escuchandonos-en-pandemia-memorias-de-experiencias-en-la-udfjc\/","title":{"rendered":"As\u00ed se vivi\u00f3 el primer panel del encuentro virtual \u2018Escuch\u00e1ndonos en Pandemia: Memorias de experiencias en la UDFJC\u2019"},"content":{"rendered":"<p><strong>Por:<\/strong> Alejandra Gonz\u00e1lez<\/p>\n<p><spam style=\"font-size:12pt;\">El pasado jueves 25 de marzo el equipo de articulaci\u00f3n conformado la Vicerrector\u00eda Acad\u00e9mica, el CADEP Acacia, la Oficina de Docencia, Planestic-UD y el Instituto de Estudios e Investigaciones Educativas (IEIE) dio inicio al primer panel del encuentro virtual \u2018Escuch\u00e1ndonos en Pandemia, memorias de experiencias en la UDFJC\u2019.<\/spam><\/p>\n<p><spam style=\"font-size:12pt;\">Este encuentro se desarroll\u00f3 en dos grandes momentos: el primero de ellos invit\u00f3 a los asistentes a reflexionar sobre la importancia de la escucha y desde la voz y el an\u00e1lisis de las docentes Dora In\u00e9s Calder\u00f3n y Gloria Rojas, se expuso la necesidad y la responsabilidad social de recuperar el valor de la escucha para comprender y valorar lo que nos sucede, teniendo en cuenta que estamos atravesando por una contingencia mundial ocasionada por el Covid-19.<\/spam><\/p>\n<p><spam style=\"font-size:12pt;\">Frente a este tema se habl\u00f3 del impacto que ha tenido la pandemia en la sociedad y las secuelas que ha dejado en el comportamiento y en la convivencia de diferentes actores de la comunidad universitaria. Por esta raz\u00f3n, la escucha y la disposici\u00f3n a la comunicaci\u00f3n son fundamentales para exteriorizar y reconocer los sentimientos, las emociones y las situaciones provocados por esta contingencia y, a partir de ah\u00ed, generar acciones y\/o soluciones para la atenci\u00f3n de las poblaciones de las Instituciones de Educaci\u00f3n Superior (IES).<\/spam><\/p>\n<p><spam style=\"font-size:12pt;\">El segundo momento de este panel estuvo relacionado con el uso de la tecnolog\u00eda y la accesibilidad en el espacio acad\u00e9mico. Esta presentaci\u00f3n estuvo dirigida por el Ingeniero Fernando Mart\u00ednez Rodr\u00edguez y abord\u00f3 la importancia de implementar la accesibilidad en los diferentes procesos tanto sociales como pedag\u00f3gicos dentro y fuera de la Instituci\u00f3n.<\/spam><\/p>\n<p><spam style=\"font-size:12pt;\">Este panel hace parte de la primera etapa de \u2018Escuch\u00e1ndonos en Pandemia\u2019, que consiste en un di\u00e1logo situado con la comunidad universitaria y que tendr\u00e1 continuidad el pr\u00f3ximo 15 de abril. La segunda etapa, que es el coraz\u00f3n del evento se denomina la expresi\u00f3n de las voces de la comunidad universitaria y contar\u00e1 con diferentes entrevistas a actores de la universidad (docentes, estudiantes, administrativos, egresados y padres de familia) sobre sus experiencias en \u00e9pocas de pandemia. Este programa de entrevistas ser\u00e1 transmitido v\u00eda streaming en el canal Youtube del Centro Acacia desde hoy 5 de abril y hasta el 19 de abril de 5:00 pm a 7:00 pm. El enlace del canal es el siguiente: <a href=\"https:\/\/www.youtube.com\/channel\/UCnejwLKddOoLIJslZZc6J4Q\">Youtube Centro Acacia<\/a><\/spam><\/p>\n<p><spam style=\"font-size:12pt;\">Por su parte, la tercera etapa ser\u00e1 una exposici\u00f3n permanente compuesta por un micrositio interactivo que alojar\u00e1 diferentes tipos de material bibliogr\u00e1fico, audiovisual e investigativo referente a la Pandemia, adem\u00e1s de un espacio de homenaje a los miembros de la comunidad universitaria y\/o sus seres queridos que han partido en tiempos de pandemia.<\/spam><\/p>\n<p><spam style=\"font-size:12pt;\">Invitamos a toda la comunidad de la Universidad Distrital Francisco Jos\u00e9 de Caldas a participar en los diferentes espacios y etapas de este encuentro para ampliar la conversaci\u00f3n sobre la pandemia y buscar soluciones que aporten en el fortalecimiento de la convivencia y el desarrollo adecuado de los diferentes procesos de la Instituci\u00f3n.<\/spam><\/p>\n","protected":false},"excerpt":{"rendered":"<p>Por: Alejandra Gonz\u00e1lez El pasado jueves 25 de marzo el equipo de articulaci\u00f3n conformado la Vicerrector\u00eda Acad\u00e9mica, el CADEP Acacia, la Oficina de Docencia, Planestic-UD y el Instituto de Estudios e Investigaciones Educativas (IEIE) dio inicio al primer panel del encuentro virtual \u2018Escuch\u00e1ndonos en Pandemia, memorias de experiencias en la UDFJC\u2019. Este encuentro se desarroll\u00f3 en dos grandes momentos: el [&hellip;]<\/p>\n","protected":false},"author":13,"featured_media":2852,"comment_status":"closed","ping_status":"closed","sticky":false,"template":"","format":"standard","meta":{"om_disable_all_campaigns":false,"_monsterinsights_skip_tracking":false,"_monsterinsights_sitenote_active":false,"_monsterinsights_sitenote_note":"","_monsterinsights_sitenote_category":0,"_uf_show_specific_survey":0,"_uf_disable_surveys":false,"h5ap_radio_sources":[],"footnotes":""},"categories":[144,146,145,135,19],"tags":[],"class_list":["post-2849","post","type-post","status-publish","format-standard","has-post-thumbnail","hentry","category-cultiva-objetivos","category-cultiva-recursos","category-cultiva-servicios","category-cultiva","category-noticias"],"aioseo_notices":[],"_links":{"self":[{"href":"https:\/\/acacia.red\/udfjc\/wp-json\/wp\/v2\/posts\/2849","targetHints":{"allow":["GET"]}}],"collection":[{"href":"https:\/\/acacia.red\/udfjc\/wp-json\/wp\/v2\/posts"}],"about":[{"href":"https:\/\/acacia.red\/udfjc\/wp-json\/wp\/v2\/types\/post"}],"author":[{"embeddable":true,"href":"https:\/\/acacia.red\/udfjc\/wp-json\/wp\/v2\/users\/13"}],"replies":[{"embeddable":true,"href":"https:\/\/acacia.red\/udfjc\/wp-json\/wp\/v2\/comments?post=2849"}],"version-history":[{"count":3,"href":"https:\/\/acacia.red\/udfjc\/wp-json\/wp\/v2\/posts\/2849\/revisions"}],"predecessor-version":[{"id":2855,"href":"https:\/\/acacia.red\/udfjc\/wp-json\/wp\/v2\/posts\/2849\/revisions\/2855"}],"wp:featuredmedia":[{"embeddable":true,"href":"https:\/\/acacia.red\/udfjc\/wp-json\/wp\/v2\/media\/2852"}],"wp:attachment":[{"href":"https:\/\/acacia.red\/udfjc\/wp-json\/wp\/v2\/media?parent=2849"}],"wp:term":[{"taxonomy":"category","embeddable":true,"href":"https:\/\/acacia.red\/udfjc\/wp-json\/wp\/v2\/categories?post=2849"},{"taxonomy":"post_tag","embeddable":true,"href":"https:\/\/acacia.red\/udfjc\/wp-json\/wp\/v2\/tags?post=2849"}],"curies":[{"name":"wp","href":"https:\/\/api.w.org\/{rel}","templated":true}]}}