{"id":2819,"date":"2021-03-23T16:23:54","date_gmt":"2021-03-23T16:23:54","guid":{"rendered":"https:\/\/acacia.red\/udfjc\/?p=2819"},"modified":"2021-03-23T16:25:38","modified_gmt":"2021-03-23T16:25:38","slug":"invitacion-encuentro-virtual-encontrandonos-en-pandemia","status":"publish","type":"post","link":"https:\/\/acacia.red\/udfjc\/invitacion-encuentro-virtual-encontrandonos-en-pandemia\/","title":{"rendered":"Invitaci\u00f3n encuentro virtual \u2018Encontr\u00e1ndonos en Pandemia\u2019"},"content":{"rendered":"\n<p style=\"font-size:17px\">La Vicerrector\u00eda Acad\u00e9mica, el CADEP Acacia, la Oficina de Docencia, Planestic-UD y el Instituto de Estudios e Investigaciones Educativas (IEIE) invitan a toda la comunidad universitaria a participar en la primera sesi\u00f3n del encuentro virtual &#8216;Escuch\u00e1ndonos en Pandemia, memorias de experiencias en la UDFJC&#8217; que se llevar\u00e1 a cabo el <strong>jueves 25 de marzo a las 5:00 pm<\/strong> a trav\u00e9s del siguiente enlace de Zoom:  <a href=\"https:\/\/udistrital-rita-edu-co.zoom.us\/j\/88999463932\">encuentro virtual<\/a>.<\/p>\n\n\n\n<p style=\"font-size:17px\">Este encuentro surge de la necesidad de escucharnos en las diferentes voces de los actores que conforman nuestra comunidad universitaria con respecto a la pandemia y el impacto que ha tenido en diferentes escenarios, adem\u00e1s de la falta de preparaci\u00f3n de todos los estamentos de la Universidad para asumir esta problem\u00e1tica.<\/p>\n\n\n\n<p style=\"font-size:17px\">Por esta raz\u00f3n, es vital emprender un trabajo mancomunado, tendiente a comprender lo que nos sucede y, desde ah\u00ed, identificar conjuntamente acciones para mejorar los ambientes de trabajo institucionales. Para ello, se cuenta con las unidades que conforman este equipo de Articulaci\u00f3n con sus recursos, sus servicios y, sobre todo, con la voluntad de acci\u00f3n solidaria.<\/p>\n\n\n\n<p style=\"font-size:17px\">Asimismo, la participaci\u00f3n de la comunidad universitaria es fundamental en estos espacios para lograr el objetivo del encuentro y fortalecer los lazos y la comunicaci\u00f3n entre los diferentes actores y organismos que hacen parte de esta Instituci\u00f3n.<\/p>\n\n\n\n<p style=\"font-size:17px\"><strong>\u00a1Los esperamos!<\/strong><\/p>\n\n\n\n<p style=\"font-size:17px\"><strong>Fecha:<\/strong> Jueves 25 de marzo<\/p>\n\n\n\n<p style=\"font-size:17px\"><strong>Hora:<\/strong> 5:00 pm<\/p>\n\n\n\n<p style=\"font-size:17px\"><strong>Enlace:<\/strong> <a href=\"https:\/\/udistrital-rita-edu-co.zoom.us\/j\/88999463932\">Sala Zoom<\/a><\/p>\n","protected":false},"excerpt":{"rendered":"<p>La Vicerrector\u00eda Acad\u00e9mica, el CADEP Acacia, la Oficina de Docencia, Planestic-UD y el Instituto de Estudios e Investigaciones Educativas (IEIE) invitan a toda la comunidad universitaria a participar en la primera sesi\u00f3n del encuentro virtual &#8216;Escuch\u00e1ndonos en Pandemia, memorias de experiencias en la UDFJC&#8217; que se llevar\u00e1 a cabo el jueves 25 de marzo a las 5:00 pm a trav\u00e9s [&hellip;]<\/p>\n","protected":false},"author":13,"featured_media":2821,"comment_status":"closed","ping_status":"closed","sticky":false,"template":"","format":"standard","meta":{"om_disable_all_campaigns":false,"_monsterinsights_skip_tracking":false,"_monsterinsights_sitenote_active":false,"_monsterinsights_sitenote_note":"","_monsterinsights_sitenote_category":0,"_uf_show_specific_survey":0,"_uf_disable_surveys":false,"h5ap_radio_sources":[],"footnotes":""},"categories":[144,146,145,159,135,19],"tags":[],"class_list":["post-2819","post","type-post","status-publish","format-standard","has-post-thumbnail","hentry","category-cultiva-objetivos","category-cultiva-recursos","category-cultiva-servicios","category-cultiva-en-red","category-cultiva","category-noticias"],"aioseo_notices":[],"_links":{"self":[{"href":"https:\/\/acacia.red\/udfjc\/wp-json\/wp\/v2\/posts\/2819","targetHints":{"allow":["GET"]}}],"collection":[{"href":"https:\/\/acacia.red\/udfjc\/wp-json\/wp\/v2\/posts"}],"about":[{"href":"https:\/\/acacia.red\/udfjc\/wp-json\/wp\/v2\/types\/post"}],"author":[{"embeddable":true,"href":"https:\/\/acacia.red\/udfjc\/wp-json\/wp\/v2\/users\/13"}],"replies":[{"embeddable":true,"href":"https:\/\/acacia.red\/udfjc\/wp-json\/wp\/v2\/comments?post=2819"}],"version-history":[{"count":6,"href":"https:\/\/acacia.red\/udfjc\/wp-json\/wp\/v2\/posts\/2819\/revisions"}],"predecessor-version":[{"id":2826,"href":"https:\/\/acacia.red\/udfjc\/wp-json\/wp\/v2\/posts\/2819\/revisions\/2826"}],"wp:featuredmedia":[{"embeddable":true,"href":"https:\/\/acacia.red\/udfjc\/wp-json\/wp\/v2\/media\/2821"}],"wp:attachment":[{"href":"https:\/\/acacia.red\/udfjc\/wp-json\/wp\/v2\/media?parent=2819"}],"wp:term":[{"taxonomy":"category","embeddable":true,"href":"https:\/\/acacia.red\/udfjc\/wp-json\/wp\/v2\/categories?post=2819"},{"taxonomy":"post_tag","embeddable":true,"href":"https:\/\/acacia.red\/udfjc\/wp-json\/wp\/v2\/tags?post=2819"}],"curies":[{"name":"wp","href":"https:\/\/api.w.org\/{rel}","templated":true}]}}