{"id":2284,"date":"2019-11-20T20:58:13","date_gmt":"2019-11-20T20:58:13","guid":{"rendered":"https:\/\/acacia.red\/udfjc\/?p=2284"},"modified":"2019-11-20T20:58:13","modified_gmt":"2019-11-20T20:58:13","slug":"estudiantes-de-la-universidad-surcolombiana-del-huila-visitaron-el-centro-acacia","status":"publish","type":"post","link":"https:\/\/acacia.red\/udfjc\/estudiantes-de-la-universidad-surcolombiana-del-huila-visitaron-el-centro-acacia\/","title":{"rendered":"Estudiantes de la Universidad Surcolombiana del Huila visitaron el Centro Acacia"},"content":{"rendered":"<div class=\"wpb-content-wrapper\"><p>[vc_row padding_top=\u00bb0&#8243;][vc_column][vc_column_text]<span style=\"font-size: 10pt;\"><strong>Por: <\/strong>Alejandra Gonz\u00e1lez<\/span><\/p>\n<p><span style=\"font-size: 12pt;\">El pasado 15 de noviembre seis estudiantes de la carrera de Licenciatura en Matem\u00e1ticas de la Universidad Surcolombiana de Neiva (Huila) visitaron el Centro de Apoyo y Desarrollo Educativo y Profesional (Centro Acacia) y participaron del V Congreso Iberoamericano de Historia de la Educaci\u00f3n Matem\u00e1tica 2019 que fue organizado por la Universidad Distrital Francisco Jos\u00e9 de Caldas y en el que se destac\u00f3 la participaci\u00f3n de Weimar Mu\u00f1oz Villate, quien tiene adscrita su tesis doctoral al Proyecto ACACIA.<\/span><\/p>\n<p><span style=\"font-size: 12pt;\">Diego Fernando Orjuela, Juan Sebasti\u00e1n Reyes, Alexander Cabezas Gonz\u00e1lez, Cristian David Chavarro Moreno, Edgar Eduardo Victoria y Cesar Ernesto Cortes, de quinto y noveno semestre hacen parte del Grupo de Investigaci\u00f3n EMATH (Educaci\u00f3n Matem\u00e1tica del Huila) que cuenta a su vez con dos semilleros de investigaci\u00f3n TIMATH (Temas de Investigaci\u00f3n Matem\u00e1tica en el Huila) y CAMATH (Club de Apoyo Matem\u00e1tico).<\/span><\/p>\n<p><span style=\"font-size: 12pt;\">Adem\u00e1s del trabajo que han realizado en el \u00e1rea de las matem\u00e1ticas, estos estudiantes han desarrollado <strong>proyectos relacionados con discapacidad<\/strong>. Uno de estos es: \u2018Voces de la matem\u00e1tica\u2019, un proyecto que investiga las dificultades que surjan en el <strong>proceso de aprendizaje de estudiantes sordos<\/strong> de educaci\u00f3n media en el Huila.<\/span><\/p>\n<p><span style=\"font-size: 12pt;\">En su visita al Centro Acacia realizaron un <strong>intercambio de experiencias<\/strong>, conocieron los servicios y recursos del Centro y los proyectos desarrollados por el Proyecto acad\u00e9mico transversal de formaci\u00f3n de profesores para poblaciones con Necesidades educativas especiales de la Facultad de Ciencias y Educaci\u00f3n (Proyecto NEES).<\/span><\/p>\n<p><span style=\"font-size: 12pt;\">\u201cEste tipo de recursos nos sirven mucho para poder ver la labor docente y todas las necesidades que pueden tener nuestros estudiantes. Hay muchas <strong>herramientas y muchos recursos para poder innovar y mejorar los procesos de aprendizaje<\/strong> de los chicos que presentan necesidades educativas especiales\u201d, as\u00ed lo afirm\u00f3 el estudiante Diego Fernando Orjuela. Adem\u00e1s, destac\u00f3 que en las regiones no disponen de este tipo de recursos, por lo cual esta experiencia fue muy enriquecedora.<\/span><\/p>\n<p><span style=\"font-size: 12pt;\">\u00a0Se destaca el apoyo y motivaci\u00f3n de Martha Cecilia Mosquera Urrutia, Coordinadora del Grupo EMATH (Educaci\u00f3n Matem\u00e1tica del Huila) y docente investigadora de la Universidad Surcolombiana.<\/span><\/p>\n<p><span style=\"font-size: 12pt;\">Esta visita fue un primer encuentro de articulaci\u00f3n entre el Centro Acacia y la Universidad Surcolombiana del Huila. Esperamos consolidar un lazo que nos permita trabajar conjuntamente en la creaci\u00f3n de proyectos que fortalezcan la investigaci\u00f3n y promuevan la inclusi\u00f3n en las diferentes pr\u00e1cticas pedag\u00f3gicas en el marco de la educaci\u00f3n superior.<\/span>[\/vc_column_text][vc_row_inner][vc_column_inner width=\u00bb1\/2&#8243;][vc_single_image image=\u00bb2286&#8243; img_size=\u00bbmedium\u00bb][\/vc_column_inner][vc_column_inner width=\u00bb1\/2&#8243;][vc_single_image image=\u00bb2287&#8243; img_size=\u00bbmedium\u00bb][\/vc_column_inner][\/vc_row_inner][\/vc_column][\/vc_row]<\/p>\n<\/div>","protected":false},"excerpt":{"rendered":"<p>[vc_row padding_top=\u00bb0&#8243;][vc_column][vc_column_text]Por: Alejandra Gonz\u00e1lez El pasado 15 de noviembre seis estudiantes de la carrera de Licenciatura en Matem\u00e1ticas de la Universidad Surcolombiana de Neiva (Huila) visitaron el Centro de Apoyo y Desarrollo Educativo y Profesional (Centro Acacia) y participaron del V Congreso Iberoamericano de Historia de la Educaci\u00f3n Matem\u00e1tica 2019 que fue organizado por la Universidad Distrital Francisco Jos\u00e9 de [&hellip;]<\/p>\n","protected":false},"author":13,"featured_media":2288,"comment_status":"closed","ping_status":"closed","sticky":false,"template":"","format":"standard","meta":{"om_disable_all_campaigns":false,"_monsterinsights_skip_tracking":false,"_monsterinsights_sitenote_active":false,"_monsterinsights_sitenote_note":"","_monsterinsights_sitenote_category":0,"_uf_show_specific_survey":0,"_uf_disable_surveys":false,"h5ap_radio_sources":[],"footnotes":""},"categories":[19],"tags":[],"class_list":["post-2284","post","type-post","status-publish","format-standard","has-post-thumbnail","hentry","category-noticias"],"aioseo_notices":[],"_links":{"self":[{"href":"https:\/\/acacia.red\/udfjc\/wp-json\/wp\/v2\/posts\/2284","targetHints":{"allow":["GET"]}}],"collection":[{"href":"https:\/\/acacia.red\/udfjc\/wp-json\/wp\/v2\/posts"}],"about":[{"href":"https:\/\/acacia.red\/udfjc\/wp-json\/wp\/v2\/types\/post"}],"author":[{"embeddable":true,"href":"https:\/\/acacia.red\/udfjc\/wp-json\/wp\/v2\/users\/13"}],"replies":[{"embeddable":true,"href":"https:\/\/acacia.red\/udfjc\/wp-json\/wp\/v2\/comments?post=2284"}],"version-history":[{"count":3,"href":"https:\/\/acacia.red\/udfjc\/wp-json\/wp\/v2\/posts\/2284\/revisions"}],"predecessor-version":[{"id":2290,"href":"https:\/\/acacia.red\/udfjc\/wp-json\/wp\/v2\/posts\/2284\/revisions\/2290"}],"wp:featuredmedia":[{"embeddable":true,"href":"https:\/\/acacia.red\/udfjc\/wp-json\/wp\/v2\/media\/2288"}],"wp:attachment":[{"href":"https:\/\/acacia.red\/udfjc\/wp-json\/wp\/v2\/media?parent=2284"}],"wp:term":[{"taxonomy":"category","embeddable":true,"href":"https:\/\/acacia.red\/udfjc\/wp-json\/wp\/v2\/categories?post=2284"},{"taxonomy":"post_tag","embeddable":true,"href":"https:\/\/acacia.red\/udfjc\/wp-json\/wp\/v2\/tags?post=2284"}],"curies":[{"name":"wp","href":"https:\/\/api.w.org\/{rel}","templated":true}]}}