{"id":1870,"date":"2019-06-18T16:59:11","date_gmt":"2019-06-18T16:59:11","guid":{"rendered":"https:\/\/acacia.red\/udfjc\/?p=1870"},"modified":"2019-06-30T18:22:34","modified_gmt":"2019-06-30T18:22:34","slug":"el-centro-acacia-recibio-la-visita-de-la-universidad-nacional-federico-villareal-de-peru","status":"publish","type":"post","link":"https:\/\/acacia.red\/udfjc\/el-centro-acacia-recibio-la-visita-de-la-universidad-nacional-federico-villareal-de-peru\/","title":{"rendered":"El Centro Acacia recibi\u00f3 la visita de la Universidad Nacional Federico Villareal de Per\u00fa"},"content":{"rendered":"<div class=\"wpb-content-wrapper\"><p>[vc_row padding_top=\u00bb0&#8243;][vc_column][vc_column_text]<span style=\"font-size: 12pt;\">El pasado 13 de junio, el Centro Acacia de la Universidad Distrital Francisco Jos\u00e9 de Caldas recibi\u00f3 la visita de la Universidad Federico Villareal de Per\u00fa. Los directivos de esta instituci\u00f3n manifestaron un gran <strong>inter\u00e9s por implementar un Centro de Apoyo y Desarrollo Educativo y Profesional<\/strong>. Esto con el fin de fortalecer sus procesos acad\u00e9micos y trabajar en pro de una educaci\u00f3n de calidad en el marco de la inclusi\u00f3n, la accesibilidad y la afectividad.<\/span><\/p>\n<p><span style=\"font-size: 12pt;\">A lo largo de esta jornada, los coordinadores de cada uno de los m\u00f3dulos del Centro Acacia (Empodera, Apoya, Innova, Cultiva y Convoca) presentaron a los invitados internacionales los servicios y recursos de este organismo y el impacto que se espera generar con \u00e9ste organismo universitario en Am\u00e9rica Latina.<\/span><\/p>\n<p><span style=\"font-size: 12pt;\"><strong>Este, ser\u00eda el primer CADEP o Centro Acacia de transferencia<\/strong>, lo cual representa un gran avance en la implementaci\u00f3n de los mismos. Cabe resaltar que este Centro ser\u00eda el segundo en Per\u00fa, despu\u00e9s del que se encuentra en la Universidad Nacional Mayor de San Marcos en Lima.<\/span><\/p>\n<p><span style=\"font-size: 12pt;\">Estos Centros buscan <strong>minimizar la deserci\u00f3n estudiantil universitaria<\/strong> que se produce por diferentes factores, econ\u00f3micos, sociales, de convivencia, de accesibilidad, entre otros causales etc. A trav\u00e9s de su articulaci\u00f3n con las diferentes dependencias de las universidades, este organismo forma a la comunidad universitaria en el trato adecuado de poblaciones vulnerables, brinda gu\u00edas de apoyo, cursos virtuales, tecnolog\u00edas para la innovaci\u00f3n y ambientes de aprendizaje con accesibilidad y afectividad. De esta forma se promueve el\u00a0 fomento del respeto, el reconocimiento y el aprecio de la multiculturalidad e interculturalidad y la diversidad.<\/span><\/p>\n<p><span style=\"font-size: 12pt;\">El doctor Jos\u00e9 H\u00e9ctor Segovia Livia, Decano de psicolog\u00eda de la Universidad Nacional Federico Villareal en una presentaci\u00f3n que mostr\u00f3 ampliamente el conocimiento sobre el camino recorrido por el Proyecto y los CADEP Acacia, expres\u00f3 el inter\u00e9s, por parte de la Universidad, de <strong>implementar este organismo y transformar as\u00ed los modelos convencionales de la educaci\u00f3n superior<\/strong>. En este sentido, hizo \u00e9nfasis en la importancia de reconocer a la poblaci\u00f3n estudiantil diversa y a las minor\u00edas, adem\u00e1s de generar ambientes de emprendimiento que revolucionen la creatividad y promuevan la formaci\u00f3n de personas y profesionales integrales.\u00a0 \u00a0\u00a0\u00a0<\/span><\/p>\n<p><span style=\"font-size: 12pt;\">Como cierre de este encuentro, la doctora Olga Luc\u00eda Le\u00f3n Corredor, Directora General del Proyecto Acacia hizo entrega de la carta de compromiso con la RIESC-Acacia, para ser miembros permanentes del Proyecto, a los directivos de la Universidad visitante y explic\u00f3 los detalles de esta transferencia para que el proceso pueda llevarse a cabo adecuadamente. En los pr\u00f3ximos d\u00edas se tendr\u00e1 la decisi\u00f3n definitiva para dar inicio al proceso de transferencia del dise\u00f1o del CADEP en Lima, Per\u00fa.<\/span>[\/vc_column_text][\/vc_column][\/vc_row][vc_row content_placement=\u00bbmiddle\u00bb padding_top=\u00bb0&#8243;][vc_column][vc_gallery images=\u00bb1876,1875,1874,1872&#8243; onclick=\u00bbimg_link_large\u00bb][\/vc_column][\/vc_row]<\/p>\n<\/div>","protected":false},"excerpt":{"rendered":"<p>[vc_row padding_top=\u00bb0&#8243;][vc_column][vc_column_text]El pasado 13 de junio, el Centro Acacia de la Universidad Distrital Francisco Jos\u00e9 de Caldas recibi\u00f3 la visita de la Universidad Federico Villareal de Per\u00fa. Los directivos de esta instituci\u00f3n manifestaron un gran inter\u00e9s por implementar un Centro de Apoyo y Desarrollo Educativo y Profesional. Esto con el fin de fortalecer sus procesos acad\u00e9micos y trabajar en pro [&hellip;]<\/p>\n","protected":false},"author":13,"featured_media":1873,"comment_status":"closed","ping_status":"closed","sticky":false,"template":"","format":"standard","meta":{"om_disable_all_campaigns":false,"_monsterinsights_skip_tracking":false,"_monsterinsights_sitenote_active":false,"_monsterinsights_sitenote_note":"","_monsterinsights_sitenote_category":0,"_uf_show_specific_survey":0,"_uf_disable_surveys":false,"h5ap_radio_sources":[],"footnotes":""},"categories":[19],"tags":[],"class_list":["post-1870","post","type-post","status-publish","format-standard","has-post-thumbnail","hentry","category-noticias"],"aioseo_notices":[],"_links":{"self":[{"href":"https:\/\/acacia.red\/udfjc\/wp-json\/wp\/v2\/posts\/1870","targetHints":{"allow":["GET"]}}],"collection":[{"href":"https:\/\/acacia.red\/udfjc\/wp-json\/wp\/v2\/posts"}],"about":[{"href":"https:\/\/acacia.red\/udfjc\/wp-json\/wp\/v2\/types\/post"}],"author":[{"embeddable":true,"href":"https:\/\/acacia.red\/udfjc\/wp-json\/wp\/v2\/users\/13"}],"replies":[{"embeddable":true,"href":"https:\/\/acacia.red\/udfjc\/wp-json\/wp\/v2\/comments?post=1870"}],"version-history":[{"count":5,"href":"https:\/\/acacia.red\/udfjc\/wp-json\/wp\/v2\/posts\/1870\/revisions"}],"predecessor-version":[{"id":1880,"href":"https:\/\/acacia.red\/udfjc\/wp-json\/wp\/v2\/posts\/1870\/revisions\/1880"}],"wp:featuredmedia":[{"embeddable":true,"href":"https:\/\/acacia.red\/udfjc\/wp-json\/wp\/v2\/media\/1873"}],"wp:attachment":[{"href":"https:\/\/acacia.red\/udfjc\/wp-json\/wp\/v2\/media?parent=1870"}],"wp:term":[{"taxonomy":"category","embeddable":true,"href":"https:\/\/acacia.red\/udfjc\/wp-json\/wp\/v2\/categories?post=1870"},{"taxonomy":"post_tag","embeddable":true,"href":"https:\/\/acacia.red\/udfjc\/wp-json\/wp\/v2\/tags?post=1870"}],"curies":[{"name":"wp","href":"https:\/\/api.w.org\/{rel}","templated":true}]}}