{"id":1650,"date":"2019-04-05T21:23:29","date_gmt":"2019-04-05T21:23:29","guid":{"rendered":"https:\/\/acacia.red\/udfjc\/?p=1650"},"modified":"2019-09-16T21:30:02","modified_gmt":"2019-09-16T21:30:02","slug":"protocolo-para-la-prevencion-y-atencion-de-casos-de-violencia-basada-en-genero-y-violencia-sexual","status":"publish","type":"post","link":"https:\/\/acacia.red\/udfjc\/protocolo-para-la-prevencion-y-atencion-de-casos-de-violencia-basada-en-genero-y-violencia-sexual\/","title":{"rendered":"Protocolo para la Prevenci\u00f3n y Atenci\u00f3n de Casos de Violencia basada en g\u00e9nero y violencia sexual"},"content":{"rendered":"<p><span style=\"font-size: 12pt;\">El Centro Acacia comparte con la comunidad universitaria el Protocolo para la Prevenci\u00f3n y Atenci\u00f3n de Casos de Violencia basada en g\u00e9nero y violencia sexual de la Universidad Distrital Francisco Jos\u00e9 de Caldas. Cons\u00faltalo y empod\u00e9rate para contribuir activamente al fomento del respeto por el otro y la construcci\u00f3n de una cultura de cuidado mutuo m\u00e1s humana e incluyente.<\/span><\/p>\n<p><iframe loading=\"lazy\" src=\"https:\/\/sgral.udistrital.edu.co\/xdata\/rec\/res_2018-426.pdf\" name=\"ventana_iframe\" width=\"800\" height=\"1000\" frameborder=\"0\" marginwidth=\"0\" marginheight=\"0\" scrolling=\"no\"><br \/>\n<span data-mce-type=\"bookmark\" style=\"display: inline-block; width: 0px; overflow: hidden; line-height: 0;\" class=\"mce_SELRES_start\">\ufeff<\/span><br \/>\n<span data-mce-type=\"bookmark\" style=\"display: inline-block; width: 0px; overflow: hidden; line-height: 0;\" class=\"mce_SELRES_start\">\ufeff<\/span><\/iframe><\/p>\n","protected":false},"excerpt":{"rendered":"<p>El Centro Acacia comparte con la comunidad universitaria el Protocolo para la Prevenci\u00f3n y Atenci\u00f3n de Casos de Violencia basada en g\u00e9nero y violencia sexual de la Universidad Distrital Francisco Jos\u00e9 de Caldas. Cons\u00faltalo y empod\u00e9rate para contribuir activamente al fomento del respeto por el otro y la construcci\u00f3n de una cultura de cuidado mutuo m\u00e1s humana e incluyente. \ufeff [&hellip;]<\/p>\n","protected":false},"author":13,"featured_media":0,"comment_status":"open","ping_status":"open","sticky":false,"template":"","format":"standard","meta":{"om_disable_all_campaigns":false,"_monsterinsights_skip_tracking":false,"_monsterinsights_sitenote_active":false,"_monsterinsights_sitenote_note":"","_monsterinsights_sitenote_category":0,"_uf_show_specific_survey":0,"_uf_disable_surveys":false,"h5ap_radio_sources":[],"footnotes":""},"categories":[133,138,140,139,161,19],"tags":[],"class_list":["post-1650","post","type-post","status-publish","format-standard","hentry","category-apoya","category-apoya-objetivos","category-apoya-recursos","category-apoya-servicios","category-apoya-en-red","category-noticias"],"aioseo_notices":[],"_links":{"self":[{"href":"https:\/\/acacia.red\/udfjc\/wp-json\/wp\/v2\/posts\/1650","targetHints":{"allow":["GET"]}}],"collection":[{"href":"https:\/\/acacia.red\/udfjc\/wp-json\/wp\/v2\/posts"}],"about":[{"href":"https:\/\/acacia.red\/udfjc\/wp-json\/wp\/v2\/types\/post"}],"author":[{"embeddable":true,"href":"https:\/\/acacia.red\/udfjc\/wp-json\/wp\/v2\/users\/13"}],"replies":[{"embeddable":true,"href":"https:\/\/acacia.red\/udfjc\/wp-json\/wp\/v2\/comments?post=1650"}],"version-history":[{"count":3,"href":"https:\/\/acacia.red\/udfjc\/wp-json\/wp\/v2\/posts\/1650\/revisions"}],"predecessor-version":[{"id":1805,"href":"https:\/\/acacia.red\/udfjc\/wp-json\/wp\/v2\/posts\/1650\/revisions\/1805"}],"wp:attachment":[{"href":"https:\/\/acacia.red\/udfjc\/wp-json\/wp\/v2\/media?parent=1650"}],"wp:term":[{"taxonomy":"category","embeddable":true,"href":"https:\/\/acacia.red\/udfjc\/wp-json\/wp\/v2\/categories?post=1650"},{"taxonomy":"post_tag","embeddable":true,"href":"https:\/\/acacia.red\/udfjc\/wp-json\/wp\/v2\/tags?post=1650"}],"curies":[{"name":"wp","href":"https:\/\/api.w.org\/{rel}","templated":true}]}}