{"id":1527,"date":"2018-10-09T04:39:20","date_gmt":"2018-10-09T04:39:20","guid":{"rendered":"https:\/\/acacia.red\/udfjc\/?p=1527"},"modified":"2019-05-22T20:15:20","modified_gmt":"2019-05-22T20:15:20","slug":"el-cadep-acacia-udfjc-participa-en-el-congreso-del-giei","status":"publish","type":"post","link":"https:\/\/acacia.red\/udfjc\/el-cadep-acacia-udfjc-participa-en-el-congreso-del-giei\/","title":{"rendered":"El CADEP Acacia UDFJC participa en el Congreso del GIEI"},"content":{"rendered":"<p><span style=\"font-size: 12pt;\">El viernes 5 de octubre de 2018, se realiz\u00f3 la jornada de cierre del IV Congreso Internacional del grupo Interdisciplinar de Investigaci\u00f3n en Educaci\u00f3n e Inclusi\u00f3n. Adem\u00e1s de las actividades acad\u00e9micas previstas, se realiz\u00f3 una exposici\u00f3n para visibilizar\u00edan de organismos que propenden dentro de la instituci\u00f3n por el fortalecimiento de las estructuras que, a trav\u00e9s del esfuerzo de trabajo colectivo, contribuyen a la transformaci\u00f3n interna para conseguir una Universidad M\u00e1s incluyente y accesible.<\/span><\/p>\n<p><span style=\"font-size: 12pt;\">El CADEP Acacia particip\u00f3 en esta muestra con un stand que adem\u00e1s de la comunidad universitaria local, recibi\u00f3 visitantes extranjeros de Chile y Brasil. En el stand se ofreci\u00f3 informaci\u00f3n referente a la raz\u00f3n de ser del Centro, sus principales prop\u00f3sitos y los servicios que ofrece, as\u00ed como informaci\u00f3n m\u00e1s cercana a los estudiantes.<\/span><\/p>\n","protected":false},"excerpt":{"rendered":"<p>El viernes 5 de octubre de 2018, se realiz\u00f3 la jornada de cierre del IV Congreso Internacional del grupo Interdisciplinar de Investigaci\u00f3n en Educaci\u00f3n e Inclusi\u00f3n. Adem\u00e1s de las actividades acad\u00e9micas previstas, se realiz\u00f3 una exposici\u00f3n para visibilizar\u00edan de organismos que propenden dentro de la instituci\u00f3n por el fortalecimiento de las estructuras que, a trav\u00e9s del esfuerzo de trabajo colectivo, [&hellip;]<\/p>\n","protected":false},"author":13,"featured_media":1529,"comment_status":"open","ping_status":"open","sticky":false,"template":"","format":"standard","meta":{"om_disable_all_campaigns":false,"_monsterinsights_skip_tracking":false,"_monsterinsights_sitenote_active":false,"_monsterinsights_sitenote_note":"","_monsterinsights_sitenote_category":0,"_uf_show_specific_survey":0,"_uf_disable_surveys":false,"h5ap_radio_sources":[],"footnotes":""},"categories":[19],"tags":[],"class_list":["post-1527","post","type-post","status-publish","format-standard","has-post-thumbnail","hentry","category-noticias"],"aioseo_notices":[],"_links":{"self":[{"href":"https:\/\/acacia.red\/udfjc\/wp-json\/wp\/v2\/posts\/1527","targetHints":{"allow":["GET"]}}],"collection":[{"href":"https:\/\/acacia.red\/udfjc\/wp-json\/wp\/v2\/posts"}],"about":[{"href":"https:\/\/acacia.red\/udfjc\/wp-json\/wp\/v2\/types\/post"}],"author":[{"embeddable":true,"href":"https:\/\/acacia.red\/udfjc\/wp-json\/wp\/v2\/users\/13"}],"replies":[{"embeddable":true,"href":"https:\/\/acacia.red\/udfjc\/wp-json\/wp\/v2\/comments?post=1527"}],"version-history":[{"count":6,"href":"https:\/\/acacia.red\/udfjc\/wp-json\/wp\/v2\/posts\/1527\/revisions"}],"predecessor-version":[{"id":1812,"href":"https:\/\/acacia.red\/udfjc\/wp-json\/wp\/v2\/posts\/1527\/revisions\/1812"}],"wp:featuredmedia":[{"embeddable":true,"href":"https:\/\/acacia.red\/udfjc\/wp-json\/wp\/v2\/media\/1529"}],"wp:attachment":[{"href":"https:\/\/acacia.red\/udfjc\/wp-json\/wp\/v2\/media?parent=1527"}],"wp:term":[{"taxonomy":"category","embeddable":true,"href":"https:\/\/acacia.red\/udfjc\/wp-json\/wp\/v2\/categories?post=1527"},{"taxonomy":"post_tag","embeddable":true,"href":"https:\/\/acacia.red\/udfjc\/wp-json\/wp\/v2\/tags?post=1527"}],"curies":[{"name":"wp","href":"https:\/\/api.w.org\/{rel}","templated":true}]}}